{"id":1914,"date":"2022-05-12T16:12:00","date_gmt":"2022-05-12T16:12:00","guid":{"rendered":"http:\/\/172.27.0.121\/?p=1914"},"modified":"2022-06-30T16:13:37","modified_gmt":"2022-06-30T16:13:37","slug":"secretario-general-de-la-opep-llamo-a-despolitizar-el-petroleo","status":"publish","type":"post","link":"https:\/\/prensapresidencialvenezuela.gob.ve\/index.php\/2022\/05\/12\/secretario-general-de-la-opep-llamo-a-despolitizar-el-petroleo\/","title":{"rendered":"Secretario General de la OPEP llam\u00f3 a despolitizar el petr\u00f3leo"},"content":{"rendered":"\n<p><strong>Palacio de Miraflores, Caracas. \u2013<\/strong> El Secretario General de la Organizaci\u00f3n de Pa\u00edses Exportadores de Petr\u00f3leo, Mohamed Barkindo, llam\u00f3 a los l\u00edderes del mundo a respetar los principios b\u00e1sicos de la OPEP y a despolitizar el petr\u00f3leo.<\/p>\n\n\n\n<p>Tras recibir la \u00abOrden Francisco de Miranda\u00bb, en su Primera Clase \u00abGeneral\u00edsimo\u00bb, en un acto que se realiz\u00f3 en el sal\u00f3n Sim\u00f3n Bol\u00edvar del Palacio de Miraflores, precis\u00f3 que el \u201cpetr\u00f3leo nunca debe ser politizado, hay que despolitizar el petr\u00f3leo, el petr\u00f3leo no puede ser utilizado como un arma de la pol\u00edtica o de las sanciones\u201d.<\/p>\n\n\n\n<p>En segundo lugar, se\u00f1al\u00f3 que la \u201cexistencia de esta organizaci\u00f3n llamada OPEP, que fue concebida aqu\u00ed en 1959, ha demostrado que sus objetivos son nobles y es salvar a la humanidad, proteger a los productores, a los consumidores y ayudar a mantener la estabilidad del mercado\u201d.<\/p>\n\n\n\n<p>En esa l\u00ednea, inst\u00f3 \u201ca todos los l\u00edderes, a todos los que tienen intereses en este mercado y en esta organizaci\u00f3n, a que contin\u00faen protegi\u00e9ndola para que avance\u201d.<\/p>\n\n\n\n<p>Felicit\u00f3 los esfuerzos heroicos del presidente Nicol\u00e1s Maduro para proteger a Venezuela en las circunstancias extremas vividas en los \u00faltimos a\u00f1os, al destacar que \u201clos pron\u00f3sticos de consenso en el 2022 de las principales agencias del mundo proyectan un crecimiento en su PIB en un 20%\u201d.<\/p>\n\n\n\n<p>En el esp\u00edritu de complementariedad y hermandad, Barkindo destac\u00f3 que las reservas de petr\u00f3leo y de gas que posee Venezuela, est\u00e1n all\u00ed en bien de la comunidad internacional, por lo que alert\u00f3 \u201csancionar a Venezuela es sancionar al mundo, ya que impide el acceso a estos recursos\u201d.<\/p>\n\n\n\n<p>Revel\u00f3 que a su pas\u00f3 por Venezuela, visit\u00f3 el Complejo Petroqu\u00edmico Jos\u00e9 Antonio Anzo\u00e1tegui, valorando el trabajo que se est\u00e1 haciendo para recuperar la industria en tiempo r\u00e9cord y por garantizar el funcionamiento de las plantas.<\/p>\n\n\n\n<p>\u201cVi c\u00f3mo aumentaron la producci\u00f3n de un nivel muy bajo a casi m\u00e1s de un mill\u00f3n, y vamos hac\u00eda dos millones a final de este a\u00f1o\u201d, indic\u00f3 el Secretario General de la Organizaci\u00f3n de Pa\u00edses Exportadores de Petr\u00f3leo<\/p>\n\n\n\n<p><strong>Prensa Presidencial\/Ana\u00eds P\u00e9rez<\/strong><\/p>\n\n\n\n<p><a rel=\"noreferrer noopener\" href=\"http:\/\/www.minci.gob.ve\/secretario-general-de-la-opep-llamo-a-despolitizar-el-petroleo\/#\" target=\"_blank\"><\/a><\/p>\n\n\n\n<p><a rel=\"noreferrer noopener\" href=\"https:\/\/plus.google.com\/share?url=http:\/\/www.minci.gob.ve\/secretario-general-de-la-opep-llamo-a-despolitizar-el-petroleo\/\" target=\"_blank\"><\/a><\/p>\n\n\n\n<p><a href=\"whatsapp:\/\/send?text=Secretario%20General%20de%20la%20OPEP%20llam\u00f3%20a%20despolitizar%20el%20petr\u00f3leo%20http%3A%2F%2Fwww.minci.gob.ve%2F%3Fp%3D432601\"><\/a><\/p>\n\n\n\n<p><a rel=\"noreferrer noopener\" href=\"\/\/msg?text=Secretario%20General%20de%20la%20OPEP%20llam\u00f3%20a%20despolitizar%20el%20petr\u00f3leo%20http%3A%2F%2Fwww.minci.gob.ve%2F%3Fp%3D432601\" target=\"_blank\"><\/a><\/p>\n\n\n\n<p><a rel=\"noreferrer noopener\" href=\"sms:&amp;body=Secretario%20General%20de%20la%20OPEP%20llam\u00f3%20a%20despolitizar%20el%20petr\u00f3leo%20http%3A%2F%2Fwww.minci.gob.ve%2F%3Fp%3D432601\" target=\"_blank\"><\/a><\/p>\n\n\n\n<p><a rel=\"noreferrer noopener\" href=\"http:\/\/compose.mail.yahoo.com\/?body=http:\/\/www.minci.gob.ve\/secretario-general-de-la-opep-llamo-a-despolitizar-el-petroleo\/\" target=\"_blank\"><\/a><\/p>\n\n\n\n<p><a rel=\"noreferrer noopener\" href=\"https:\/\/mail.google.com\/mail\/u\/0\/?view=cm&amp;fs=1&amp;su=Secretario+General+de+la+OPEP+llam%C3%B3+a+despolitizar+el+petr%C3%B3leo&amp;body=http:\/\/www.minci.gob.ve\/secretario-general-de-la-opep-llamo-a-despolitizar-el-petroleo\/&amp;ui=2&amp;tf=1\" target=\"_blank\"><\/a><\/p>\n","protected":false},"excerpt":{"rendered":"<p>Palacio de Miraflores, Caracas. \u2013 El Secretario General de la Organizaci\u00f3n de Pa\u00edses Exportadores de Petr\u00f3leo, Mohamed Barkindo, llam\u00f3 a los l\u00edderes del mundo a respetar los principios b\u00e1sicos de la OPEP y a despolitizar el petr\u00f3leo. Tras recibir la \u00abOrden Francisco de Miranda\u00bb, en su Primera Clase \u00abGeneral\u00edsimo\u00bb, en un acto que se realiz\u00f3 [&hellip;]<\/p>\n","protected":false},"author":6,"featured_media":1915,"comment_status":"open","ping_status":"open","sticky":false,"template":"","format":"standard","meta":{"footnotes":""},"categories":[7],"tags":[],"class_list":["post-1914","post","type-post","status-publish","format-standard","has-post-thumbnail","hentry","category-notas-de-prensa"],"_links":{"self":[{"href":"https:\/\/prensapresidencialvenezuela.gob.ve\/index.php\/wp-json\/wp\/v2\/posts\/1914","targetHints":{"allow":["GET"]}}],"collection":[{"href":"https:\/\/prensapresidencialvenezuela.gob.ve\/index.php\/wp-json\/wp\/v2\/posts"}],"about":[{"href":"https:\/\/prensapresidencialvenezuela.gob.ve\/index.php\/wp-json\/wp\/v2\/types\/post"}],"author":[{"embeddable":true,"href":"https:\/\/prensapresidencialvenezuela.gob.ve\/index.php\/wp-json\/wp\/v2\/users\/6"}],"replies":[{"embeddable":true,"href":"https:\/\/prensapresidencialvenezuela.gob.ve\/index.php\/wp-json\/wp\/v2\/comments?post=1914"}],"version-history":[{"count":1,"href":"https:\/\/prensapresidencialvenezuela.gob.ve\/index.php\/wp-json\/wp\/v2\/posts\/1914\/revisions"}],"predecessor-version":[{"id":1916,"href":"https:\/\/prensapresidencialvenezuela.gob.ve\/index.php\/wp-json\/wp\/v2\/posts\/1914\/revisions\/1916"}],"wp:featuredmedia":[{"embeddable":true,"href":"https:\/\/prensapresidencialvenezuela.gob.ve\/index.php\/wp-json\/wp\/v2\/media\/1915"}],"wp:attachment":[{"href":"https:\/\/prensapresidencialvenezuela.gob.ve\/index.php\/wp-json\/wp\/v2\/media?parent=1914"}],"wp:term":[{"taxonomy":"category","embeddable":true,"href":"https:\/\/prensapresidencialvenezuela.gob.ve\/index.php\/wp-json\/wp\/v2\/categories?post=1914"},{"taxonomy":"post_tag","embeddable":true,"href":"https:\/\/prensapresidencialvenezuela.gob.ve\/index.php\/wp-json\/wp\/v2\/tags?post=1914"}],"curies":[{"name":"wp","href":"https:\/\/api.w.org\/{rel}","templated":true}]}}