{"id":19267,"date":"2025-04-23T20:18:50","date_gmt":"2025-04-24T00:18:50","guid":{"rendered":"https:\/\/prensapresidencialvenezuela.gob.ve\/?p=19267"},"modified":"2025-04-23T20:33:23","modified_gmt":"2025-04-24T00:33:23","slug":"generacion-cientifica-clave-del-futuro-soberano-de-venezuela","status":"publish","type":"post","link":"https:\/\/prensapresidencialvenezuela.gob.ve\/index.php\/2025\/04\/23\/generacion-cientifica-clave-del-futuro-soberano-de-venezuela\/","title":{"rendered":"Generaci\u00f3n cient\u00edfica: Clave del futuro soberano de Venezuela"},"content":{"rendered":"\n<p><strong>Los Altos Mirandinos.-<\/strong>&nbsp; Durante la celebraci\u00f3n del primer aniversario de la Gran Misi\u00f3n Ciencia, Innovaci\u00f3n y Tecnolog\u00eda \u201cDr. Humberto Fern\u00e1ndez-Mor\u00e1n\u201d, el presidente de la Rep\u00fablica Bolivariana de Venezuela, Nicol\u00e1s Maduro, destac\u00f3 la importancia de formar una generaci\u00f3n de j\u00f3venes cient\u00edficos capaces de enfrentar los retos del siglo XXI.<\/p>\n\n\n\n<p>El evento se llev\u00f3 a cabo en el Instituto Venezolano de Investigaciones Cient\u00edficas (IVIC), un basti\u00f3n de la investigaci\u00f3n en el pa\u00eds.<\/p>\n\n\n\n<p><strong>Formaci\u00f3n de una generaci\u00f3n culta y aut\u00f3noma<\/strong><\/p>\n\n\n\n<p><a><\/a><a>En su discurso, el presidente Maduro subray\u00f3 la necesidad de cultivar una generaci\u00f3n culta cient\u00edfica de ni\u00f1os y j\u00f3venes. El jefe de Estado enfatiz\u00f3 que el futuro de Venezuela radica en la educaci\u00f3n y el desarrollo de valores que promuevan la independencia.<\/a><\/p>\n\n\n\n<p>\u201cEstamos sembrando una generaci\u00f3n genial para el futuro de Venezuela\u201d, afirm\u00f3, y reiter\u00f3 que el objetivo es que los j\u00f3venes no dependan de otros, sino que tengan la capacidad de crecer y colaborar con otras naciones en igualdad de condiciones.<\/p>\n\n\n\n<p>El Mandatario venezolano tambi\u00e9n abord\u00f3 la importancia de mantener relaciones estrat\u00e9gicas con potencias como la Rep\u00fablica Popular China, Rusia, y naciones de El Caribe y Suram\u00e9rica.<\/p>\n\n\n\n<p>El Dignatario apunt\u00f3 que la cooperaci\u00f3n no debe ser sin\u00f3nimo de subordinaci\u00f3n. \u201cEs crucial que nadie venga a chantajearnos\u201d, afirm\u00f3, dejando clara la postura de Venezuela frente a presiones externas.<\/p>\n\n\n\n<p><strong>Superaci\u00f3n de obst\u00e1culos y avances cient\u00edficos<\/strong><\/p>\n\n\n\n<p>El presidente Maduro destac\u00f3 los logros alcanzados a pesar de los bloqueos impuestos por actores externos.<\/p>\n\n\n\n<p>Refiri\u00e9ndose a las dificultades para obtener permisos de uso de equipos m\u00e9dicos, enfatiz\u00f3 que el pa\u00eds ha respondido ante estas adversidades gracias a sus cient\u00edficos. \u201cHoy podemos decir que Venezuela tiene la capacidad de construir un futuro basado en la ciencia y la tecnolog\u00eda soberana\u201d, declar\u00f3.<\/p>\n\n\n\n<p><strong>Modelo chino como ejemplo de desarrollo<\/strong><\/p>\n\n\n\n<p>El jjefe de Estado present\u00f3 el modelo de desarrollo cient\u00edfico y tecnol\u00f3gico de la Rep\u00fablica Popular China como un referente a seguir.<\/p>\n\n\n\n<p>\u201cChina en 40 a\u00f1os se ha convertido en la vanguardia cient\u00edfica de la humanidad\u201d, indic\u00f3, y argument\u00f3 que, as\u00ed como China enfrenta desaf\u00edos globales, Venezuela tambi\u00e9n debe trabajar incansablemente por su independencia y desarrollo. \u201cVenezuela ser\u00e1 en ciencia y tecnolog\u00eda la China de Am\u00e9rica Latina\u201d, concluy\u00f3, posicionando al pa\u00eds como un l\u00edder en la regi\u00f3n, alineado con la Alianza Bolivariana para los Pueblos de Nuestra Am\u00e9rica (ALBA-TCP).<\/p>\n\n\n\n<p><strong>Prensa Presidencial\/ Luis Tavera<\/strong><\/p>\n","protected":false},"excerpt":{"rendered":"<p>Los Altos Mirandinos.-&nbsp; Durante la celebraci\u00f3n del primer aniversario de la Gran Misi\u00f3n Ciencia, Innovaci\u00f3n y Tecnolog\u00eda \u201cDr. Humberto Fern\u00e1ndez-Mor\u00e1n\u201d, el presidente de la Rep\u00fablica Bolivariana de Venezuela, Nicol\u00e1s Maduro, destac\u00f3 la importancia de formar una generaci\u00f3n de j\u00f3venes cient\u00edficos capaces de enfrentar los retos del siglo XXI. El evento se llev\u00f3 a cabo en [&hellip;]<\/p>\n","protected":false},"author":1,"featured_media":19275,"comment_status":"open","ping_status":"open","sticky":false,"template":"","format":"standard","meta":{"footnotes":""},"categories":[18,7],"tags":[1620,928,1662],"class_list":["post-19267","post","type-post","status-publish","format-standard","has-post-thumbnail","hentry","category-noticias-principales","category-notas-de-prensa","tag-clave","tag-generacion","tag-soberano"],"_links":{"self":[{"href":"https:\/\/prensapresidencialvenezuela.gob.ve\/index.php\/wp-json\/wp\/v2\/posts\/19267","targetHints":{"allow":["GET"]}}],"collection":[{"href":"https:\/\/prensapresidencialvenezuela.gob.ve\/index.php\/wp-json\/wp\/v2\/posts"}],"about":[{"href":"https:\/\/prensapresidencialvenezuela.gob.ve\/index.php\/wp-json\/wp\/v2\/types\/post"}],"author":[{"embeddable":true,"href":"https:\/\/prensapresidencialvenezuela.gob.ve\/index.php\/wp-json\/wp\/v2\/users\/1"}],"replies":[{"embeddable":true,"href":"https:\/\/prensapresidencialvenezuela.gob.ve\/index.php\/wp-json\/wp\/v2\/comments?post=19267"}],"version-history":[{"count":1,"href":"https:\/\/prensapresidencialvenezuela.gob.ve\/index.php\/wp-json\/wp\/v2\/posts\/19267\/revisions"}],"predecessor-version":[{"id":19269,"href":"https:\/\/prensapresidencialvenezuela.gob.ve\/index.php\/wp-json\/wp\/v2\/posts\/19267\/revisions\/19269"}],"wp:featuredmedia":[{"embeddable":true,"href":"https:\/\/prensapresidencialvenezuela.gob.ve\/index.php\/wp-json\/wp\/v2\/media\/19275"}],"wp:attachment":[{"href":"https:\/\/prensapresidencialvenezuela.gob.ve\/index.php\/wp-json\/wp\/v2\/media?parent=19267"}],"wp:term":[{"taxonomy":"category","embeddable":true,"href":"https:\/\/prensapresidencialvenezuela.gob.ve\/index.php\/wp-json\/wp\/v2\/categories?post=19267"},{"taxonomy":"post_tag","embeddable":true,"href":"https:\/\/prensapresidencialvenezuela.gob.ve\/index.php\/wp-json\/wp\/v2\/tags?post=19267"}],"curies":[{"name":"wp","href":"https:\/\/api.w.org\/{rel}","templated":true}]}}