{"id":19270,"date":"2025-04-23T20:28:20","date_gmt":"2025-04-24T00:28:20","guid":{"rendered":"https:\/\/prensapresidencialvenezuela.gob.ve\/?p=19270"},"modified":"2025-04-23T20:30:34","modified_gmt":"2025-04-24T00:30:34","slug":"presiones-geopoliticas-imperiales-no-podran-socavar-la-autodeterminacion-del-pueblo-venezolano","status":"publish","type":"post","link":"https:\/\/prensapresidencialvenezuela.gob.ve\/index.php\/2025\/04\/23\/presiones-geopoliticas-imperiales-no-podran-socavar-la-autodeterminacion-del-pueblo-venezolano\/","title":{"rendered":"Presiones geopol\u00edticas imperiales no podr\u00e1n socavar la autodeterminaci\u00f3n del pueblo venezolano"},"content":{"rendered":"\n<p><strong>Los Altos Mirandinos.-<\/strong>El presidente de la Rep\u00fablica Bolivariana de Venezuela, Nicol\u00e1s Maduro, ratific\u00f3 este mi\u00e9rcoles el compromiso de Venezuela con su independencia cient\u00edfica y tecnol\u00f3gica, durante la celebraci\u00f3n del primer aniversario de la Gran Misi\u00f3n Ciencia, Innovaci\u00f3n y Tecnolog\u00eda \u00abDr. Humberto Fern\u00e1ndez &#8211; Mor\u00e1n\u00bb.\u00a0<\/p>\n\n\n\n<p>\u00abLos venezolanos no ser\u00e1n esclavos de nadie jam\u00e1s\u00bb, asever\u00f3 el Mandatario, enfatizando que la formaci\u00f3n de una nueva generaci\u00f3n cient\u00edfica es el camino para garantizar la soberan\u00eda nacional.&nbsp;<\/p>\n\n\n\n<p><strong>Avances y proyecci\u00f3n cient\u00edfica<\/strong><\/p>\n\n\n\n<p>Durante el acto, realizado en el Instituto Venezolano de Investigaciones Cient\u00edficas (IVIC), el jefe de Estado destac\u00f3 los logros alcanzados en materia de investigaci\u00f3n y desarrollo tecnol\u00f3gico.<\/p>\n\n\n\n<p>Adem\u00e1s, sostuvo un contacto satelital con Barcelona, estado Anzo\u00e1tegui, para inaugurar el Centro Did\u00e1ctico para el Aprendizaje de la Ciencia, proyecto clave para fomentar vocaciones cient\u00edficas desde la infancia.&nbsp;<\/p>\n\n\n\n<p>\u00abUn ni\u00f1o que crece con motivaci\u00f3n cient\u00edfica desarrolla otra mentalidad y construye el futuro de la patria\u00bb, expres\u00f3 el presidente Maduro.&nbsp;<\/p>\n\n\n\n<p><strong>Rechazo a la guerra econ\u00f3mica y alineaci\u00f3n con alternativas soberanas<\/strong><\/p>\n\n\n\n<p>El presidente Maduro denunci\u00f3 las medidas arancelarias impuestas contra China \u2013que superan el 120%\u2013 como parte de una guerra econ\u00f3mica y civilizatoria impulsada por potencias que buscan mantener un sistema de dominaci\u00f3n.&nbsp;<\/p>\n\n\n\n<p>\u00abNo somos, ni seremos, patio trasero de nadie\u00bb, afirm\u00f3, en clara alusi\u00f3n a las presiones geopol\u00edticas. En contraste, reafirm\u00f3 la alianza estrat\u00e9gica con China y propuso su modelo de desarrollo como referencia: \u00abVenezuela ser\u00e1 la China de Am\u00e9rica Latina\u00bb, subray\u00f3.&nbsp;<\/p>\n\n\n\n<p>La Gran Misi\u00f3n Ciencia, Innovaci\u00f3n y Tecnolog\u00eda consolida as\u00ed su primer a\u00f1o con avances en formaci\u00f3n, infraestructura y alianzas internacionales, reafirmando su papel en la construcci\u00f3n de un futuro soberano para Venezuela.&nbsp;<\/p>\n\n\n\n<p><strong>Prensa Presidecial\/ Luis Tavera<\/strong><\/p>\n","protected":false},"excerpt":{"rendered":"<p>Los Altos Mirandinos.-El presidente de la Rep\u00fablica Bolivariana de Venezuela, Nicol\u00e1s Maduro, ratific\u00f3 este mi\u00e9rcoles el compromiso de Venezuela con su independencia cient\u00edfica y tecnol\u00f3gica, durante la celebraci\u00f3n del primer aniversario de la Gran Misi\u00f3n Ciencia, Innovaci\u00f3n y Tecnolog\u00eda \u00abDr. Humberto Fern\u00e1ndez &#8211; Mor\u00e1n\u00bb.\u00a0 \u00abLos venezolanos no ser\u00e1n esclavos de nadie jam\u00e1s\u00bb, asever\u00f3 el Mandatario, [&hellip;]<\/p>\n","protected":false},"author":1,"featured_media":19273,"comment_status":"open","ping_status":"open","sticky":false,"template":"","format":"standard","meta":{"footnotes":""},"categories":[18,7],"tags":[1663,451],"class_list":["post-19270","post","type-post","status-publish","format-standard","has-post-thumbnail","hentry","category-noticias-principales","category-notas-de-prensa","tag-autodeterminacion","tag-pueblo"],"_links":{"self":[{"href":"https:\/\/prensapresidencialvenezuela.gob.ve\/index.php\/wp-json\/wp\/v2\/posts\/19270","targetHints":{"allow":["GET"]}}],"collection":[{"href":"https:\/\/prensapresidencialvenezuela.gob.ve\/index.php\/wp-json\/wp\/v2\/posts"}],"about":[{"href":"https:\/\/prensapresidencialvenezuela.gob.ve\/index.php\/wp-json\/wp\/v2\/types\/post"}],"author":[{"embeddable":true,"href":"https:\/\/prensapresidencialvenezuela.gob.ve\/index.php\/wp-json\/wp\/v2\/users\/1"}],"replies":[{"embeddable":true,"href":"https:\/\/prensapresidencialvenezuela.gob.ve\/index.php\/wp-json\/wp\/v2\/comments?post=19270"}],"version-history":[{"count":1,"href":"https:\/\/prensapresidencialvenezuela.gob.ve\/index.php\/wp-json\/wp\/v2\/posts\/19270\/revisions"}],"predecessor-version":[{"id":19272,"href":"https:\/\/prensapresidencialvenezuela.gob.ve\/index.php\/wp-json\/wp\/v2\/posts\/19270\/revisions\/19272"}],"wp:featuredmedia":[{"embeddable":true,"href":"https:\/\/prensapresidencialvenezuela.gob.ve\/index.php\/wp-json\/wp\/v2\/media\/19273"}],"wp:attachment":[{"href":"https:\/\/prensapresidencialvenezuela.gob.ve\/index.php\/wp-json\/wp\/v2\/media?parent=19270"}],"wp:term":[{"taxonomy":"category","embeddable":true,"href":"https:\/\/prensapresidencialvenezuela.gob.ve\/index.php\/wp-json\/wp\/v2\/categories?post=19270"},{"taxonomy":"post_tag","embeddable":true,"href":"https:\/\/prensapresidencialvenezuela.gob.ve\/index.php\/wp-json\/wp\/v2\/tags?post=19270"}],"curies":[{"name":"wp","href":"https:\/\/api.w.org\/{rel}","templated":true}]}}