{"id":19280,"date":"2025-04-23T20:57:35","date_gmt":"2025-04-24T00:57:35","guid":{"rendered":"https:\/\/prensapresidencialvenezuela.gob.ve\/?p=19280"},"modified":"2025-04-23T20:57:35","modified_gmt":"2025-04-24T00:57:35","slug":"venezuela-lanza-nueva-semilla-para-aumentar-la-produccion-de-maiz","status":"publish","type":"post","link":"https:\/\/prensapresidencialvenezuela.gob.ve\/index.php\/2025\/04\/23\/venezuela-lanza-nueva-semilla-para-aumentar-la-produccion-de-maiz\/","title":{"rendered":"Venezuela lanza nueva semilla para aumentar la producci\u00f3n de ma\u00edz"},"content":{"rendered":"\n<p><strong>Los Altos Mirandinos. \u2013<\/strong> En un anuncio que promete transformar la agricultura del pa\u00eds, el presidente de la Rep\u00fablica Bolivariana de Venezuela, Nicol\u00e1s Maduro, dio a conocer el lanzamiento de una nueva semilla nacional, para aumentar la producci\u00f3n de ma\u00edz.<\/p>\n\n\n\n<p>\u00abEs maravilloso esta noticia del logro de una semilla absolutamente aut\u00f3ctona\u00bb, afirm\u00f3 el Mandatario venezolano.<\/p>\n\n\n\n<p>El presidente Maduro subray\u00f3 la importancia de este avance en el contexto de la producci\u00f3n agr\u00edcola nacional, al se\u00f1alar que \u00abhay que ponerle un nombre\u00bb a esta nueva semilla que representa un \u00absalto a la producci\u00f3n de ma\u00edz dentro del patr\u00f3n humano, ecol\u00f3gico, de la salud de la tierra, de la salud del producto y de la salud del ser humano\u00bb.<\/p>\n\n\n\n<p>Adem\u00e1s, destac\u00f3 que el ma\u00edz tambi\u00e9n se utilizar\u00e1 para hacer alimentos destinados a la cr\u00eda de animales. Durante un evento celebrado en Los Altos Mirandinos, el presidente Maduro destac\u00f3 que esta semilla se distribuir\u00e1 para sembrar 40 mil hect\u00e1reas de ma\u00edz amarillo y blanco.<\/p>\n\n\n\n<p>El Jefe de Estado expres\u00f3 su optimismo sobre el futuro agr\u00edcola del pa\u00eds: \u00abVamos arrancar con cuarenta mil semillas pero so\u00f1ando en grande y actuando en grande\u00bb.<\/p>\n\n\n\n<p><strong>Aumento de capacidad de producci\u00f3n<\/strong><\/p>\n\n\n\n<p>Con miras al a\u00f1o 2026, anticip\u00f3 que Venezuela podr\u00eda incrementar su capacidad de producci\u00f3n de semillas de otros rubros, mencionando espec\u00edficamente el proyecto \u00abPatria Grande del Sur\u00bb en el estado Bol\u00edvar, donde se podr\u00edan sembrar hasta 10 mil hect\u00e1reas con esta nueva variedad.<\/p>\n\n\n\n<p>Por su parte, la vicepresidenta Sectorial de Ciencia, Tecnolog\u00eda, Educaci\u00f3n y Salud, Gabriela Jim\u00e9nez, aport\u00f3 detalles t\u00e9cnicos sobre el proceso de acondicionamiento de la nueva semilla.<\/p>\n\n\n\n<p>\u00abLa palabra acondicionamiento es el punto clave aqu\u00ed\u00bb, afirm\u00f3 Jim\u00e9nez y explic\u00f3 que, a diferencia de m\u00e9todos tradicionales que empleaban productos qu\u00edmicos venenosos, esta nueva semilla est\u00e1 asociada con \u00abcinco elementos bacterianos y de levaduras que permiten fijar nitr\u00f3geno, f\u00f3sforo y potasio\u00bb, lo que adem\u00e1s contribuye a disminuir la incidencia de plagas.<\/p>\n\n\n\n<p>\u00abNosotros hemos evaluado los rendimientos que superan m\u00e1s de 6 toneladas por hect\u00e1rea y no hemos tenido que a\u00f1adir ning\u00fan fertilizante\u00bb, a\u00f1adi\u00f3 Jim\u00e9nez, al enfatizar que esta semilla est\u00e1 acompa\u00f1ada por elementos biol\u00f3gicos que promueven la vida en cualquier espacio en Venezuela.<\/p>\n\n\n\n<p>Con un mensaje de esperanza y fe, Jim\u00e9nez concluy\u00f3: \u00abCon la voluntad de Dios porque sembrar es un acto de fe, se\u00f1or Presidente, vamos a tener entonces las semillas eclosionando\u00bb.<\/p>\n\n\n\n<p>La iniciativa representa un paso significativo hacia la autosuficiencia alimentaria en el pa\u00eds y una apuesta por pr\u00e1cticas agr\u00edcolas m\u00e1s sostenibles.<\/p>\n\n\n\n<p><strong>Prensa Presidencial \/ Eduardo Hueck<\/strong><\/p>\n","protected":false},"excerpt":{"rendered":"<p>Los Altos Mirandinos. \u2013 En un anuncio que promete transformar la agricultura del pa\u00eds, el presidente de la Rep\u00fablica Bolivariana de Venezuela, Nicol\u00e1s Maduro, dio a conocer el lanzamiento de una nueva semilla nacional, para aumentar la producci\u00f3n de ma\u00edz. \u00abEs maravilloso esta noticia del logro de una semilla absolutamente aut\u00f3ctona\u00bb, afirm\u00f3 el Mandatario venezolano. [&hellip;]<\/p>\n","protected":false},"author":1,"featured_media":19281,"comment_status":"open","ping_status":"open","sticky":false,"template":"","format":"standard","meta":{"footnotes":""},"categories":[18,7],"tags":[1667,1666,1665],"class_list":["post-19280","post","type-post","status-publish","format-standard","has-post-thumbnail","hentry","category-noticias-principales","category-notas-de-prensa","tag-lanzamiento","tag-maiz","tag-semilla"],"_links":{"self":[{"href":"https:\/\/prensapresidencialvenezuela.gob.ve\/index.php\/wp-json\/wp\/v2\/posts\/19280","targetHints":{"allow":["GET"]}}],"collection":[{"href":"https:\/\/prensapresidencialvenezuela.gob.ve\/index.php\/wp-json\/wp\/v2\/posts"}],"about":[{"href":"https:\/\/prensapresidencialvenezuela.gob.ve\/index.php\/wp-json\/wp\/v2\/types\/post"}],"author":[{"embeddable":true,"href":"https:\/\/prensapresidencialvenezuela.gob.ve\/index.php\/wp-json\/wp\/v2\/users\/1"}],"replies":[{"embeddable":true,"href":"https:\/\/prensapresidencialvenezuela.gob.ve\/index.php\/wp-json\/wp\/v2\/comments?post=19280"}],"version-history":[{"count":1,"href":"https:\/\/prensapresidencialvenezuela.gob.ve\/index.php\/wp-json\/wp\/v2\/posts\/19280\/revisions"}],"predecessor-version":[{"id":19282,"href":"https:\/\/prensapresidencialvenezuela.gob.ve\/index.php\/wp-json\/wp\/v2\/posts\/19280\/revisions\/19282"}],"wp:featuredmedia":[{"embeddable":true,"href":"https:\/\/prensapresidencialvenezuela.gob.ve\/index.php\/wp-json\/wp\/v2\/media\/19281"}],"wp:attachment":[{"href":"https:\/\/prensapresidencialvenezuela.gob.ve\/index.php\/wp-json\/wp\/v2\/media?parent=19280"}],"wp:term":[{"taxonomy":"category","embeddable":true,"href":"https:\/\/prensapresidencialvenezuela.gob.ve\/index.php\/wp-json\/wp\/v2\/categories?post=19280"},{"taxonomy":"post_tag","embeddable":true,"href":"https:\/\/prensapresidencialvenezuela.gob.ve\/index.php\/wp-json\/wp\/v2\/tags?post=19280"}],"curies":[{"name":"wp","href":"https:\/\/api.w.org\/{rel}","templated":true}]}}