{"id":1932,"date":"2022-05-16T16:23:00","date_gmt":"2022-05-16T16:23:00","guid":{"rendered":"http:\/\/172.27.0.121\/?p=1932"},"modified":"2022-06-30T16:24:25","modified_gmt":"2022-06-30T16:24:25","slug":"presidente-designa-nuevos-ministros-para-las-areas-del-trabajo-transporte-industria-y-relaciones-exteriores","status":"publish","type":"post","link":"https:\/\/prensapresidencialvenezuela.gob.ve\/index.php\/2022\/05\/16\/presidente-designa-nuevos-ministros-para-las-areas-del-trabajo-transporte-industria-y-relaciones-exteriores\/","title":{"rendered":"Presidente designa nuevos ministros para las \u00e1reas del trabajo, transporte, industria y relaciones exteriores"},"content":{"rendered":"\n<p><strong>Palacio de Miraflores, Caracas.-<\/strong>&nbsp;El presidente de la Rep\u00fablica Bolivariana de Venezuela, Nicol\u00e1s Maduro, inform\u00f3 este lunes sobre la designaci\u00f3n de nuevos funcionarios que integrar\u00e1n su Gabinete Ejecutivo.<\/p>\n\n\n\n<p>Durante la reuni\u00f3n con el Consejo de Vicepresidentes y Alto Mando Pol\u00edtico de la Revoluci\u00f3n Bolivariana, realizada en el Palacio de Miraflores, el Jefe de Estado se\u00f1al\u00f3 que entre los cambios se encuentra la designaci\u00f3n del diputado y l\u00edder sindical Francisco Torrealba, al frente del Ministerio del Trabajo.<\/p>\n\n\n\n<p>\u201cAsume las riendas del Ministerios del Trabajo para ir a construir los derechos y resolver los problemas de la clase obrera\u201d, subray\u00f3.<\/p>\n\n\n\n<p>Las riendas del Ministerio del Poder Popular para Industrias y Producci\u00f3n Nacional &nbsp;las tomar\u00e1 Hip\u00f3lito Abreu, quien hasta hoy se desempe\u00f1aba en el despacho de Transporte, el cual ser\u00e1 asumido por Ram\u00f3n Vel\u00e1squez Araguayan.<\/p>\n\n\n\n<p>Igualmente, Carlos Far\u00edas, quien fung\u00eda como embajador de Venezuela en Rusia, le corresponde desde hoy llevar la batuta del Ministerio del Poder Popular para las Relaciones Exteriores, como canciller de la Rep\u00fablica Bolivariana de Venezuela.<\/p>\n\n\n\n<p>El Mandatario venezolano agradeci\u00f3 a los \u201ccompa\u00f1eros que estuvieron al frente de estos cargos y le entrego la pelota para ir a la batalla por el triunfo permanente\u201d, en cada uno de los despachos ministeriales que hoy reciben a los nuevos ministros.<\/p>\n\n\n\n<p><strong>Prensa Presidencial\/Ana\u00eds P\u00e9rez<\/strong><\/p>\n","protected":false},"excerpt":{"rendered":"<p>Palacio de Miraflores, Caracas.-&nbsp;El presidente de la Rep\u00fablica Bolivariana de Venezuela, Nicol\u00e1s Maduro, inform\u00f3 este lunes sobre la designaci\u00f3n de nuevos funcionarios que integrar\u00e1n su Gabinete Ejecutivo. Durante la reuni\u00f3n con el Consejo de Vicepresidentes y Alto Mando Pol\u00edtico de la Revoluci\u00f3n Bolivariana, realizada en el Palacio de Miraflores, el Jefe de Estado se\u00f1al\u00f3 que [&hellip;]<\/p>\n","protected":false},"author":6,"featured_media":1933,"comment_status":"open","ping_status":"open","sticky":false,"template":"","format":"standard","meta":{"footnotes":""},"categories":[7],"tags":[],"class_list":["post-1932","post","type-post","status-publish","format-standard","has-post-thumbnail","hentry","category-notas-de-prensa"],"_links":{"self":[{"href":"https:\/\/prensapresidencialvenezuela.gob.ve\/index.php\/wp-json\/wp\/v2\/posts\/1932","targetHints":{"allow":["GET"]}}],"collection":[{"href":"https:\/\/prensapresidencialvenezuela.gob.ve\/index.php\/wp-json\/wp\/v2\/posts"}],"about":[{"href":"https:\/\/prensapresidencialvenezuela.gob.ve\/index.php\/wp-json\/wp\/v2\/types\/post"}],"author":[{"embeddable":true,"href":"https:\/\/prensapresidencialvenezuela.gob.ve\/index.php\/wp-json\/wp\/v2\/users\/6"}],"replies":[{"embeddable":true,"href":"https:\/\/prensapresidencialvenezuela.gob.ve\/index.php\/wp-json\/wp\/v2\/comments?post=1932"}],"version-history":[{"count":1,"href":"https:\/\/prensapresidencialvenezuela.gob.ve\/index.php\/wp-json\/wp\/v2\/posts\/1932\/revisions"}],"predecessor-version":[{"id":1934,"href":"https:\/\/prensapresidencialvenezuela.gob.ve\/index.php\/wp-json\/wp\/v2\/posts\/1932\/revisions\/1934"}],"wp:featuredmedia":[{"embeddable":true,"href":"https:\/\/prensapresidencialvenezuela.gob.ve\/index.php\/wp-json\/wp\/v2\/media\/1933"}],"wp:attachment":[{"href":"https:\/\/prensapresidencialvenezuela.gob.ve\/index.php\/wp-json\/wp\/v2\/media?parent=1932"}],"wp:term":[{"taxonomy":"category","embeddable":true,"href":"https:\/\/prensapresidencialvenezuela.gob.ve\/index.php\/wp-json\/wp\/v2\/categories?post=1932"},{"taxonomy":"post_tag","embeddable":true,"href":"https:\/\/prensapresidencialvenezuela.gob.ve\/index.php\/wp-json\/wp\/v2\/tags?post=1932"}],"curies":[{"name":"wp","href":"https:\/\/api.w.org\/{rel}","templated":true}]}}