{"id":19331,"date":"2025-04-25T18:15:17","date_gmt":"2025-04-25T22:15:17","guid":{"rendered":"https:\/\/prensapresidencialvenezuela.gob.ve\/?p=19331"},"modified":"2025-04-25T18:15:17","modified_gmt":"2025-04-25T22:15:17","slug":"presidente-maduro-clausura-congreso-internacional-que-fortalece-el-ecosistema-emprendedor-global","status":"publish","type":"post","link":"https:\/\/prensapresidencialvenezuela.gob.ve\/index.php\/2025\/04\/25\/presidente-maduro-clausura-congreso-internacional-que-fortalece-el-ecosistema-emprendedor-global\/","title":{"rendered":"Presidente Maduro clausura congreso internacional que fortalece el ecosistema emprendedor global"},"content":{"rendered":"\n<p><strong>La Carlota, estado Miranda.-<\/strong> El presidente de la Rep\u00fablica Bolivariana de Venezuela, Nicol\u00e1s Maduro, clausur\u00f3 el Congreso Internacional de Emprendedores, \u00a1Conecta, Crea y Emprende! Una jornada que ha tenido lugar desde el 23 de abril hasta este viernes 25, en La Carlota, estado Miranda.<\/p>\n\n\n\n<p>La cita internacional se desarrolla en el contexto de un mundo enmarcado por nuevas tendencias econ\u00f3micas, mercados globales y econom\u00edas emergentes, din\u00e1mica en la que se inscribe Venezuela como un importante referente en el sector emprendimiento, al igual que las naciones que dicen presente en esta ocasi\u00f3n.<\/p>\n\n\n\n<p>Es as\u00ed como, fomentar la innovaci\u00f3n y creatividad, adem\u00e1s de reunir a emprendedores nacionales e internacionales y establecer v\u00ednculos para la exportaci\u00f3n, con miras a promover el desarrollo econ\u00f3mico, se erigen entre las orientaciones que permiten comprender el significado e importancia de este evento.<\/p>\n\n\n\n<p>En este particular, el Congreso Internacional de Emprendedores surge como un espacio estrat\u00e9gico para el encuentro entre naciones, con el prop\u00f3sito de robustecer el ecosistema emprendedor global y fortalecer el aparato productivo, a trav\u00e9s del intercambio de conocimientos, experiencias y mejores pr\u00e1cticas.<\/p>\n\n\n\n<p>Con esta iniciativa se impulsa la innovaci\u00f3n, la creaci\u00f3n de nuevos emprendimientos y se potencia el desarrollo econ\u00f3mico sostenible entre pa\u00edses.<\/p>\n\n\n\n<p>Durante estos tres d\u00edas (del 23 al 25 de abril), se organizaron mesas de trabajo, en las que los participantes lograron debatir y colaborar en torno a temas vinculantes al ecosistema emprendedor.<\/p>\n\n\n\n<p>Tambi\u00e9n, a trav\u00e9s de ponencias y panel de expertos, se dio paso a la participaci\u00f3n de l\u00edderes de pensamiento y profesionales reconocidos en el \u00e1mbito del emprendimiento.<\/p>\n\n\n\n<p>Este encuentro fue propicio para conocer experiencias exitosas, a trav\u00e9s de emprendedores que han alcanzado buenos resultados y, en ese sentido, compartieron sus historias y lecciones aprendidas a lo largo de su trayectoria.<\/p>\n\n\n\n<p>Tambi\u00e9n el Congreso cont\u00f3 con la Exposici\u00f3n de Emprendimientos Innovadores, mediante la cual se presentaron proyectos y productos innovadores.<\/p>\n\n\n\n<p>La exhibici\u00f3n permiti\u00f3 mostrar ideas y soluciones, provistas de creatividad y potencial en el mercado.<\/p>\n\n\n\n<p>En contexto, el jefe de Estado venezolano destac\u00f3 este jueves que este Congreso de Emprendedores se rige por el esp\u00edritu emprendedor que caracteriza a nuestro pa\u00eds.<\/p>\n\n\n\n<p>\u00abEmprendedores de Europa, Am\u00e9rica Latina y Asia, se encuentran aqu\u00ed maravillados por la revoluci\u00f3n de emprendimientos que hemos creado, gracias a las capacidades de todos los venezolanos y venezolanas\u00bb, destac\u00f3.<\/p>\n\n\n\n<p>El primer Congreso Internacional de Emprendedores, inaugurado el 23 de abril, reuni\u00f3 a m\u00e1s de 300 participantes de 57 pa\u00edses, as\u00ed como a m\u00e1s de 100 representantes nacionales.<\/p>\n\n\n\n<p><strong>Prensa Presidencial \/ Ana\u00eds P\u00e9rez<\/strong><\/p>\n","protected":false},"excerpt":{"rendered":"<p>La Carlota, estado Miranda.- El presidente de la Rep\u00fablica Bolivariana de Venezuela, Nicol\u00e1s Maduro, clausur\u00f3 el Congreso Internacional de Emprendedores, \u00a1Conecta, Crea y Emprende! Una jornada que ha tenido lugar desde el 23 de abril hasta este viernes 25, en La Carlota, estado Miranda. La cita internacional se desarrolla en el contexto de un mundo [&hellip;]<\/p>\n","protected":false},"author":1,"featured_media":19332,"comment_status":"open","ping_status":"open","sticky":false,"template":"","format":"standard","meta":{"footnotes":""},"categories":[18,7],"tags":[30,19,20],"class_list":["post-19331","post","type-post","status-publish","format-standard","has-post-thumbnail","hentry","category-noticias-principales","category-notas-de-prensa","tag-destacado","tag-nicolas-maduro","tag-venezuela"],"_links":{"self":[{"href":"https:\/\/prensapresidencialvenezuela.gob.ve\/index.php\/wp-json\/wp\/v2\/posts\/19331","targetHints":{"allow":["GET"]}}],"collection":[{"href":"https:\/\/prensapresidencialvenezuela.gob.ve\/index.php\/wp-json\/wp\/v2\/posts"}],"about":[{"href":"https:\/\/prensapresidencialvenezuela.gob.ve\/index.php\/wp-json\/wp\/v2\/types\/post"}],"author":[{"embeddable":true,"href":"https:\/\/prensapresidencialvenezuela.gob.ve\/index.php\/wp-json\/wp\/v2\/users\/1"}],"replies":[{"embeddable":true,"href":"https:\/\/prensapresidencialvenezuela.gob.ve\/index.php\/wp-json\/wp\/v2\/comments?post=19331"}],"version-history":[{"count":1,"href":"https:\/\/prensapresidencialvenezuela.gob.ve\/index.php\/wp-json\/wp\/v2\/posts\/19331\/revisions"}],"predecessor-version":[{"id":19333,"href":"https:\/\/prensapresidencialvenezuela.gob.ve\/index.php\/wp-json\/wp\/v2\/posts\/19331\/revisions\/19333"}],"wp:featuredmedia":[{"embeddable":true,"href":"https:\/\/prensapresidencialvenezuela.gob.ve\/index.php\/wp-json\/wp\/v2\/media\/19332"}],"wp:attachment":[{"href":"https:\/\/prensapresidencialvenezuela.gob.ve\/index.php\/wp-json\/wp\/v2\/media?parent=19331"}],"wp:term":[{"taxonomy":"category","embeddable":true,"href":"https:\/\/prensapresidencialvenezuela.gob.ve\/index.php\/wp-json\/wp\/v2\/categories?post=19331"},{"taxonomy":"post_tag","embeddable":true,"href":"https:\/\/prensapresidencialvenezuela.gob.ve\/index.php\/wp-json\/wp\/v2\/tags?post=19331"}],"curies":[{"name":"wp","href":"https:\/\/api.w.org\/{rel}","templated":true}]}}