{"id":1938,"date":"2022-05-16T16:28:00","date_gmt":"2022-05-16T16:28:00","guid":{"rendered":"http:\/\/172.27.0.121\/?p=1938"},"modified":"2022-06-30T16:29:49","modified_gmt":"2022-06-30T16:29:49","slug":"presidente-anuncia-fortalecimiento-de-los-cuadrantes-de-paz","status":"publish","type":"post","link":"https:\/\/prensapresidencialvenezuela.gob.ve\/index.php\/2022\/05\/16\/presidente-anuncia-fortalecimiento-de-los-cuadrantes-de-paz\/","title":{"rendered":"Presidente anuncia fortalecimiento de los Cuadrantes de Paz"},"content":{"rendered":"\n<p><strong>Palacio de Miraflores, Caracas. \u2013<\/strong> El presidente Rep\u00fablica y comandante en jefe de la Fuerza Armada Nacional Bolivariana, Nicol\u00e1s Maduro, anunci\u00f3 una etapa de fortalecimiento de los Cuadrantes de Paz para neutralizar los planes que buscan generar un clima de violencia en la naci\u00f3n.<\/p>\n\n\n\n<p>\u201cTenemos que avanzar en el fortalecimiento interno de los Cuadrantes de Paz desde el punto de vista comunicacional, log\u00edstico, operativo, en el combate por la paz y la tranquilidad ciudadana, en el combate contra las bandas de delincuentes que Colombia quiere comprar en Venezuela para lanzar la bombas o tratar de asesinar a polic\u00edas\u201d, denunci\u00f3<\/p>\n\n\n\n<p>Asimismo, realiz\u00f3 un llamado a los efectivos de seguridad de la naci\u00f3n a estar atentos ante estos planes terroristas, que tiene el mismo modus operandi del narcotraficante Pablo Escobar Gaviria y que se planifican en suelo colombiano.<\/p>\n\n\n\n<p>\u201cAtenci\u00f3n cuerpos policiales, atenci\u00f3n ministros (\u2026) atenci\u00f3n fuerzas militares; Iv\u00e1n Duque desde Colombia ha hilvanado un plan y le invertido varios millones de d\u00f3lares para contratar delincuentes que lancen granadas, bombas y ataquen como balas a centros policiales, a centros militares como hac\u00eda el narcotraficante Pablo Escobar Gaviria contra la polic\u00eda y en Medell\u00edn, igualito al plan para tratar de desestabilizar socialmente Venezuela \u00a1alerta!\u201d, reiter\u00f3.<\/p>\n\n\n\n<p><strong>Atenci\u00f3n ante precipitaciones<\/strong><\/p>\n\n\n\n<p>Por otra parte, orden\u00f3 al vicepresidente Sectorial para la Seguridad Ciudadana y la Paz, A\/J Remigio Ceballos, combinar las reuniones especiales del Consejo de Vicepresidentes, atender y coordinar trabajos de reparaci\u00f3n de las zonas afectadas producto de las precipitaciones en el territorio nacional debido a una tromba tropical.<\/p>\n\n\n\n<p>\u201cEstamos pendiente de la lluvia, pendiente de Zulia, pendiente de Trujillo, del T\u00e1chira, de M\u00e9rida y de todo el pa\u00eds\u201d, enfatiz\u00f3, al tiempo que inst\u00f3 a reconstruir todos los diques que se rompieron.<\/p>\n\n\n\n<p>Orden\u00f3 al Gabinete Ejecutivo estar las 24 horas atentos para prestar todo el apoyo a las entidades del pa\u00eds.<\/p>\n\n\n\n<p>\u201cTodo el apoyo del gabinete completo y ustedes se mantienen en contacto con los gobernadores en tiempo real, en la ma\u00f1ana, en la tarde, en la noche porque las lluvias llegaron con mucha fuerza producto del cambio clim\u00e1tico\u201d, detall\u00f3.<\/p>\n\n\n\n<p><strong>Prensa Presidencial\/Eduardo Hueck<\/strong><\/p>\n","protected":false},"excerpt":{"rendered":"<p>Palacio de Miraflores, Caracas. \u2013 El presidente Rep\u00fablica y comandante en jefe de la Fuerza Armada Nacional Bolivariana, Nicol\u00e1s Maduro, anunci\u00f3 una etapa de fortalecimiento de los Cuadrantes de Paz para neutralizar los planes que buscan generar un clima de violencia en la naci\u00f3n. \u201cTenemos que avanzar en el fortalecimiento interno de los Cuadrantes de [&hellip;]<\/p>\n","protected":false},"author":6,"featured_media":1939,"comment_status":"open","ping_status":"open","sticky":false,"template":"","format":"standard","meta":{"footnotes":""},"categories":[7],"tags":[],"class_list":["post-1938","post","type-post","status-publish","format-standard","has-post-thumbnail","hentry","category-notas-de-prensa"],"_links":{"self":[{"href":"https:\/\/prensapresidencialvenezuela.gob.ve\/index.php\/wp-json\/wp\/v2\/posts\/1938","targetHints":{"allow":["GET"]}}],"collection":[{"href":"https:\/\/prensapresidencialvenezuela.gob.ve\/index.php\/wp-json\/wp\/v2\/posts"}],"about":[{"href":"https:\/\/prensapresidencialvenezuela.gob.ve\/index.php\/wp-json\/wp\/v2\/types\/post"}],"author":[{"embeddable":true,"href":"https:\/\/prensapresidencialvenezuela.gob.ve\/index.php\/wp-json\/wp\/v2\/users\/6"}],"replies":[{"embeddable":true,"href":"https:\/\/prensapresidencialvenezuela.gob.ve\/index.php\/wp-json\/wp\/v2\/comments?post=1938"}],"version-history":[{"count":1,"href":"https:\/\/prensapresidencialvenezuela.gob.ve\/index.php\/wp-json\/wp\/v2\/posts\/1938\/revisions"}],"predecessor-version":[{"id":1940,"href":"https:\/\/prensapresidencialvenezuela.gob.ve\/index.php\/wp-json\/wp\/v2\/posts\/1938\/revisions\/1940"}],"wp:featuredmedia":[{"embeddable":true,"href":"https:\/\/prensapresidencialvenezuela.gob.ve\/index.php\/wp-json\/wp\/v2\/media\/1939"}],"wp:attachment":[{"href":"https:\/\/prensapresidencialvenezuela.gob.ve\/index.php\/wp-json\/wp\/v2\/media?parent=1938"}],"wp:term":[{"taxonomy":"category","embeddable":true,"href":"https:\/\/prensapresidencialvenezuela.gob.ve\/index.php\/wp-json\/wp\/v2\/categories?post=1938"},{"taxonomy":"post_tag","embeddable":true,"href":"https:\/\/prensapresidencialvenezuela.gob.ve\/index.php\/wp-json\/wp\/v2\/tags?post=1938"}],"curies":[{"name":"wp","href":"https:\/\/api.w.org\/{rel}","templated":true}]}}