{"id":19388,"date":"2025-04-28T16:08:38","date_gmt":"2025-04-28T20:08:38","guid":{"rendered":"https:\/\/prensapresidencialvenezuela.gob.ve\/?p=19388"},"modified":"2025-04-28T16:08:39","modified_gmt":"2025-04-28T20:08:39","slug":"comando-de-campana-gente-que-resuelve-traza-estrategias-de-cara-a-las-elecciones-del-25-de-mayo","status":"publish","type":"post","link":"https:\/\/prensapresidencialvenezuela.gob.ve\/index.php\/2025\/04\/28\/comando-de-campana-gente-que-resuelve-traza-estrategias-de-cara-a-las-elecciones-del-25-de-mayo\/","title":{"rendered":"Comando de Campa\u00f1a \u00abGente que Resuelve\u00bb traza estrategias de cara a las elecciones del 25 de mayo"},"content":{"rendered":"\n<p><strong>Palacio de Miraflores, Caracas-<\/strong> El presidente del Partido Socialista Unido de Venezuela (PSUV), Nicol\u00e1s Maduro, se reuni\u00f3 este lunes con el Comando de Campa\u00f1a \u00abGente que Resuelve\u00bb.<\/p>\n\n\n\n<p>Durante la reuni\u00f3n fueron debatidas las estrategias pol\u00edticas de cara a las elecciones para Consejo Legislativo, Asamblea Nacional y gobernaciones, de acuerdo con una transmisi\u00f3n del Canal del Estado, Venezolana de Televisi\u00f3n (VTV).<\/p>\n\n\n\n<p>El presidente Maduro en reiteradas ocasiones ha instruido a los candidatos y candidatas, a tener un compromiso genuino con el pueblo y la Revoluci\u00f3n Bolivariana.<\/p>\n\n\n\n<p>Asimismo, el Dignatario nacional ha destacado \u00abque la unidad ser\u00e1 la base para una victoria contundente el pr\u00f3ximo 25 de mayo\u201d.<\/p>\n\n\n\n<p>En esa l\u00ednea, tambi\u00e9n hace \u00e9nfasis en un llamado a los hombres y mujeres, a \u00abestar en las calles, a ir a recorrer calle a calle, pueblo a pueblo, ciudad a ciudad, hombro a hombro, con el pueblo para conocer y trabajar en las necesidades, desde cada rinc\u00f3n de Venezuela\u00bb.<\/p>\n\n\n\n<p>Acompa\u00f1aron a la m\u00e1xima autoridad del PSUV, &nbsp;el coordinador del Comando de Campa\u00f1a \u00abGente que Resuelve\u00bb, Jorge Rodr\u00edguez; la secretaria ejecutiva, Vanesa Montero; y los encargados de equipos como Diosdado Cabello; Cilia Flores de Maduro, Nahum Fern\u00e1ndez, Juan Escalona, H\u00e9ctor Rodr\u00edguez, Pedro Infante, Carmen Mel\u00e9ndez y Ricardo Men\u00e9ndez.<\/p>\n\n\n\n<p><strong>Prensa Presidencial Eduardo Hueck<\/strong><\/p>\n","protected":false},"excerpt":{"rendered":"<p>Palacio de Miraflores, Caracas- El presidente del Partido Socialista Unido de Venezuela (PSUV), Nicol\u00e1s Maduro, se reuni\u00f3 este lunes con el Comando de Campa\u00f1a \u00abGente que Resuelve\u00bb. Durante la reuni\u00f3n fueron debatidas las estrategias pol\u00edticas de cara a las elecciones para Consejo Legislativo, Asamblea Nacional y gobernaciones, de acuerdo con una transmisi\u00f3n del Canal del [&hellip;]<\/p>\n","protected":false},"author":1,"featured_media":19389,"comment_status":"open","ping_status":"open","sticky":false,"template":"","format":"standard","meta":{"footnotes":""},"categories":[18,7],"tags":[541,1118,725],"class_list":["post-19388","post","type-post","status-publish","format-standard","has-post-thumbnail","hentry","category-noticias-principales","category-notas-de-prensa","tag-campana","tag-estrategias","tag-reunion"],"_links":{"self":[{"href":"https:\/\/prensapresidencialvenezuela.gob.ve\/index.php\/wp-json\/wp\/v2\/posts\/19388","targetHints":{"allow":["GET"]}}],"collection":[{"href":"https:\/\/prensapresidencialvenezuela.gob.ve\/index.php\/wp-json\/wp\/v2\/posts"}],"about":[{"href":"https:\/\/prensapresidencialvenezuela.gob.ve\/index.php\/wp-json\/wp\/v2\/types\/post"}],"author":[{"embeddable":true,"href":"https:\/\/prensapresidencialvenezuela.gob.ve\/index.php\/wp-json\/wp\/v2\/users\/1"}],"replies":[{"embeddable":true,"href":"https:\/\/prensapresidencialvenezuela.gob.ve\/index.php\/wp-json\/wp\/v2\/comments?post=19388"}],"version-history":[{"count":1,"href":"https:\/\/prensapresidencialvenezuela.gob.ve\/index.php\/wp-json\/wp\/v2\/posts\/19388\/revisions"}],"predecessor-version":[{"id":19390,"href":"https:\/\/prensapresidencialvenezuela.gob.ve\/index.php\/wp-json\/wp\/v2\/posts\/19388\/revisions\/19390"}],"wp:featuredmedia":[{"embeddable":true,"href":"https:\/\/prensapresidencialvenezuela.gob.ve\/index.php\/wp-json\/wp\/v2\/media\/19389"}],"wp:attachment":[{"href":"https:\/\/prensapresidencialvenezuela.gob.ve\/index.php\/wp-json\/wp\/v2\/media?parent=19388"}],"wp:term":[{"taxonomy":"category","embeddable":true,"href":"https:\/\/prensapresidencialvenezuela.gob.ve\/index.php\/wp-json\/wp\/v2\/categories?post=19388"},{"taxonomy":"post_tag","embeddable":true,"href":"https:\/\/prensapresidencialvenezuela.gob.ve\/index.php\/wp-json\/wp\/v2\/tags?post=19388"}],"curies":[{"name":"wp","href":"https:\/\/api.w.org\/{rel}","templated":true}]}}