{"id":19402,"date":"2025-04-28T20:49:13","date_gmt":"2025-04-29T00:49:13","guid":{"rendered":"https:\/\/prensapresidencialvenezuela.gob.ve\/?p=19402"},"modified":"2025-04-28T20:49:13","modified_gmt":"2025-04-29T00:49:13","slug":"relacion-venezuela-china-se-ha-fortalecido-desde-la-asociacion-estrategica-a-toda-prueba-y-para-todo-momento","status":"publish","type":"post","link":"https:\/\/prensapresidencialvenezuela.gob.ve\/index.php\/2025\/04\/28\/relacion-venezuela-china-se-ha-fortalecido-desde-la-asociacion-estrategica-a-toda-prueba-y-para-todo-momento\/","title":{"rendered":"Relaci\u00f3n Venezuela- China se ha fortalecido desde la Asociaci\u00f3n Estrat\u00e9gica a Toda Prueba y Para Todo Momento"},"content":{"rendered":"\n<p><strong>Palacio de Miraflores, Caracas.-<\/strong> En un contexto marcado por tensiones econ\u00f3micas a nivel mundial, producto del ataque arancelario provocado por el imperialismo estadounidense, el jefe de Estado venezolano, Nicol\u00e1s Maduro, subray\u00f3 que desde la firma, entre China y Venezuela en septiembre de 2023, para elevar la asociaci\u00f3n estrat\u00e9gica a una \u00abAsociaci\u00f3n Estrat\u00e9gica a Toda Prueba y Para Todo Momento\u00bb, se han intensificado las relaciones bilaterales con la naci\u00f3n asi\u00e1tica.<\/p>\n\n\n\n<p>\u00abDesde ese momento lo que hemos hecho es profundizar todas las relaciones de inversiones, intercambio, aprendizaje, fortalecimiento de productos que se van posicionando en el comercio interno del mercado chino\u00bb, pormenoriz\u00f3.<\/p>\n\n\n\n<p>El presidente Maduro destac\u00f3 la importancia de la relaci\u00f3n entre Venezuela y China, tras la reciente visita de la vicepresidenta ejecutiva, Delcy Rodr\u00edguez, al pa\u00eds asi\u00e1tico, quien llev\u00f3 a cabo una \u00abvisita de trabajo para seguir cuidando los detalles de todo el proceso de articulaci\u00f3n econ\u00f3mica China-Venezuela\u00bb, enfoc\u00e1ndose en \u00e1reas clave como el petr\u00f3leo, gas, oro, tecnolog\u00eda e inteligencia artificial.<\/p>\n\n\n\n<p>En este sentido, el jefe de Estado venezolano hizo hincapi\u00e9 en la necesidad de establecer \u00abventas alternativas, no petr\u00f3leo de Venezuela a China\u00bb, al resaltar que los nuevos acuerdos comerciales han fortalecido a\u00fan m\u00e1s las relaciones con la potencia asi\u00e1tica.<\/p>\n\n\n\n<p>En su discurso, el Presidente venezolano no esquiv\u00f3 el contexto global, al se\u00f1alar: \u00abNunca se hab\u00eda visto que un pa\u00eds declarara la guerra comercial a 180 pa\u00edses del mundo\u00bb, refiri\u00e9ndose al accionar de la administraci\u00f3n estadounidense contra las econom\u00edas del mundo, \u00abenfilado contra China que es la potencia emergente m\u00e1s importante que tiene la humanidad hoy\u00bb.<\/p>\n\n\n\n<p>\u00abChina est\u00e1 demostrando que es la primera potencia econ\u00f3mica y tecnol\u00f3gica del planeta Tierra\u00bb, indic\u00f3 el Dignatario, quien record\u00f3 las palabras del comandante Hugo Ch\u00e1vez sobre el ascenso de China como una \u00abgran potencia del siglo XXI [que no es] colonialista ni racista ni imperialista\u00bb.<\/p>\n\n\n\n<p>El presidente Maduro en su intervenci\u00f3n enfatiz\u00f3 que estamos ante un \u00abmundo multipolar, pluric\u00e9ntrico\u00bb, donde potencias como China buscan \u00abla paz, la armon\u00eda, la cooperaci\u00f3n mundial y de desarrollo compartido\u00bb.<\/p>\n\n\n\n<p><strong>Prensa Presidencial \/ Eduardo Hueck<\/strong><\/p>\n","protected":false},"excerpt":{"rendered":"<p>Palacio de Miraflores, Caracas.- En un contexto marcado por tensiones econ\u00f3micas a nivel mundial, producto del ataque arancelario provocado por el imperialismo estadounidense, el jefe de Estado venezolano, Nicol\u00e1s Maduro, subray\u00f3 que desde la firma, entre China y Venezuela en septiembre de 2023, para elevar la asociaci\u00f3n estrat\u00e9gica a una \u00abAsociaci\u00f3n Estrat\u00e9gica a Toda Prueba [&hellip;]<\/p>\n","protected":false},"author":1,"featured_media":19399,"comment_status":"open","ping_status":"open","sticky":false,"template":"","format":"standard","meta":{"footnotes":""},"categories":[18,7],"tags":[31,1680,20],"class_list":["post-19402","post","type-post","status-publish","format-standard","has-post-thumbnail","hentry","category-noticias-principales","category-notas-de-prensa","tag-china","tag-relacion","tag-venezuela"],"_links":{"self":[{"href":"https:\/\/prensapresidencialvenezuela.gob.ve\/index.php\/wp-json\/wp\/v2\/posts\/19402","targetHints":{"allow":["GET"]}}],"collection":[{"href":"https:\/\/prensapresidencialvenezuela.gob.ve\/index.php\/wp-json\/wp\/v2\/posts"}],"about":[{"href":"https:\/\/prensapresidencialvenezuela.gob.ve\/index.php\/wp-json\/wp\/v2\/types\/post"}],"author":[{"embeddable":true,"href":"https:\/\/prensapresidencialvenezuela.gob.ve\/index.php\/wp-json\/wp\/v2\/users\/1"}],"replies":[{"embeddable":true,"href":"https:\/\/prensapresidencialvenezuela.gob.ve\/index.php\/wp-json\/wp\/v2\/comments?post=19402"}],"version-history":[{"count":1,"href":"https:\/\/prensapresidencialvenezuela.gob.ve\/index.php\/wp-json\/wp\/v2\/posts\/19402\/revisions"}],"predecessor-version":[{"id":19403,"href":"https:\/\/prensapresidencialvenezuela.gob.ve\/index.php\/wp-json\/wp\/v2\/posts\/19402\/revisions\/19403"}],"wp:featuredmedia":[{"embeddable":true,"href":"https:\/\/prensapresidencialvenezuela.gob.ve\/index.php\/wp-json\/wp\/v2\/media\/19399"}],"wp:attachment":[{"href":"https:\/\/prensapresidencialvenezuela.gob.ve\/index.php\/wp-json\/wp\/v2\/media?parent=19402"}],"wp:term":[{"taxonomy":"category","embeddable":true,"href":"https:\/\/prensapresidencialvenezuela.gob.ve\/index.php\/wp-json\/wp\/v2\/categories?post=19402"},{"taxonomy":"post_tag","embeddable":true,"href":"https:\/\/prensapresidencialvenezuela.gob.ve\/index.php\/wp-json\/wp\/v2\/tags?post=19402"}],"curies":[{"name":"wp","href":"https:\/\/api.w.org\/{rel}","templated":true}]}}