{"id":19411,"date":"2025-04-28T21:26:40","date_gmt":"2025-04-29T01:26:40","guid":{"rendered":"https:\/\/prensapresidencialvenezuela.gob.ve\/?p=19411"},"modified":"2025-04-28T21:27:08","modified_gmt":"2025-04-29T01:27:08","slug":"estado-guarico-alcanza-record-historico-en-produccion-alimentaria","status":"publish","type":"post","link":"https:\/\/prensapresidencialvenezuela.gob.ve\/index.php\/2025\/04\/28\/estado-guarico-alcanza-record-historico-en-produccion-alimentaria\/","title":{"rendered":"Estado Gu\u00e1rico alcanza r\u00e9cord hist\u00f3rico en producci\u00f3n alimentaria"},"content":{"rendered":"\n<p><a><\/a><strong>Palacio de Miraflores, Caracas. \u2013<\/strong> El presidente de la Rep\u00fablica Bolivariana de Venezuela, Nicol\u00e1s Maduro, anunci\u00f3 que el estado Gu\u00e1rico logr\u00f3 un nuevo r\u00e9cord hist\u00f3rico en la producci\u00f3n de alimentos, destacando el compromiso del pa\u00eds con la soberan\u00eda alimentaria.<\/p>\n\n\n\n<p>\u201cVenezuela ha alcanzado un nivel \u00f3ptimo de producci\u00f3n, asegurando el 100% del abastecimiento del mercado nacional con alimentos venezolanos, elaborados y procesados localmente.<\/p>\n\n\n\n<p>Adem\u00e1s, toda la producci\u00f3n nacional ahora est\u00e1 orientada hacia la exportaci\u00f3n\u201d, enfatiz\u00f3 el jefe de Estado, reafirmando la capacidad del pa\u00eds para prosperar a pesar de las adversidades.<\/p>\n\n\n\n<p><strong>Producir para vencer<\/strong><\/p>\n\n\n\n<p>Los ingresos por exportaciones se canalizar\u00e1n hacia los Consejos y Circuitos Comunales, fortaleciendo as\u00ed la organizaci\u00f3n popular. \u201cCuando nos quedamos sin nada, tras las sanciones criminales de la ultraderecha que nos quitaron el 99% del ingreso y no ten\u00edamos para importar, Venezuela importaba el 85% de lo que com\u00eda. Yo cre\u00e9 los Comit\u00e9 Locales de Abastecimiento y Producci\u00f3n (CLAP) para la recuperaci\u00f3n, y hoy podemos afirmar que estamos en un punto muy favorable de producci\u00f3n\u201d.<\/p>\n\n\n\n<p>En palabras del presidente Maduro, la cifra del 100% del abastecimiento nacional refleja una fortaleza en el nuevo modelo econ\u00f3mico autosostenible.<\/p>\n\n\n\n<p>\u201cGu\u00e1rico tiene potencial para producir el doble de lo que est\u00e1 produciendo. Venezuela tiene la capacidad para ser un gran exportador\u201d, concluy\u00f3 el presidente, reafirmando as\u00ed la visi\u00f3n de una Venezuela independiente y soberana.<\/p>\n\n\n\n<p><strong>Prensa Presidencial\/ Luis Tavera<\/strong><\/p>\n","protected":false},"excerpt":{"rendered":"<p>Palacio de Miraflores, Caracas. \u2013 El presidente de la Rep\u00fablica Bolivariana de Venezuela, Nicol\u00e1s Maduro, anunci\u00f3 que el estado Gu\u00e1rico logr\u00f3 un nuevo r\u00e9cord hist\u00f3rico en la producci\u00f3n de alimentos, destacando el compromiso del pa\u00eds con la soberan\u00eda alimentaria. \u201cVenezuela ha alcanzado un nivel \u00f3ptimo de producci\u00f3n, asegurando el 100% del abastecimiento del mercado nacional [&hellip;]<\/p>\n","protected":false},"author":1,"featured_media":19412,"comment_status":"open","ping_status":"open","sticky":false,"template":"","format":"standard","meta":{"footnotes":""},"categories":[18,7],"tags":[1682,445,1306],"class_list":["post-19411","post","type-post","status-publish","format-standard","has-post-thumbnail","hentry","category-noticias-principales","category-notas-de-prensa","tag-guarico","tag-produccion","tag-record"],"_links":{"self":[{"href":"https:\/\/prensapresidencialvenezuela.gob.ve\/index.php\/wp-json\/wp\/v2\/posts\/19411","targetHints":{"allow":["GET"]}}],"collection":[{"href":"https:\/\/prensapresidencialvenezuela.gob.ve\/index.php\/wp-json\/wp\/v2\/posts"}],"about":[{"href":"https:\/\/prensapresidencialvenezuela.gob.ve\/index.php\/wp-json\/wp\/v2\/types\/post"}],"author":[{"embeddable":true,"href":"https:\/\/prensapresidencialvenezuela.gob.ve\/index.php\/wp-json\/wp\/v2\/users\/1"}],"replies":[{"embeddable":true,"href":"https:\/\/prensapresidencialvenezuela.gob.ve\/index.php\/wp-json\/wp\/v2\/comments?post=19411"}],"version-history":[{"count":2,"href":"https:\/\/prensapresidencialvenezuela.gob.ve\/index.php\/wp-json\/wp\/v2\/posts\/19411\/revisions"}],"predecessor-version":[{"id":19414,"href":"https:\/\/prensapresidencialvenezuela.gob.ve\/index.php\/wp-json\/wp\/v2\/posts\/19411\/revisions\/19414"}],"wp:featuredmedia":[{"embeddable":true,"href":"https:\/\/prensapresidencialvenezuela.gob.ve\/index.php\/wp-json\/wp\/v2\/media\/19412"}],"wp:attachment":[{"href":"https:\/\/prensapresidencialvenezuela.gob.ve\/index.php\/wp-json\/wp\/v2\/media?parent=19411"}],"wp:term":[{"taxonomy":"category","embeddable":true,"href":"https:\/\/prensapresidencialvenezuela.gob.ve\/index.php\/wp-json\/wp\/v2\/categories?post=19411"},{"taxonomy":"post_tag","embeddable":true,"href":"https:\/\/prensapresidencialvenezuela.gob.ve\/index.php\/wp-json\/wp\/v2\/tags?post=19411"}],"curies":[{"name":"wp","href":"https:\/\/api.w.org\/{rel}","templated":true}]}}