{"id":19417,"date":"2025-04-28T21:55:26","date_gmt":"2025-04-29T01:55:26","guid":{"rendered":"https:\/\/prensapresidencialvenezuela.gob.ve\/?p=19417"},"modified":"2025-04-28T21:55:27","modified_gmt":"2025-04-29T01:55:27","slug":"gobierno-denuncia-secuestro-de-nina-migrante-arrebatada-de-su-madre","status":"publish","type":"post","link":"https:\/\/prensapresidencialvenezuela.gob.ve\/index.php\/2025\/04\/28\/gobierno-denuncia-secuestro-de-nina-migrante-arrebatada-de-su-madre\/","title":{"rendered":"Gobierno denuncia secuestro de ni\u00f1a migrante arrebatada de su madre"},"content":{"rendered":"\n<p><strong>Palacio de Miraflores, Caracas. &#8211;<\/strong> El presidente de la Rep\u00fablica Bolivariana de Venezuela, Nicol\u00e1s Maduro, durante la edici\u00f3n 77\u00b0 de su programa Con Maduro, conden\u00f3 el arrebato de una ni\u00f1a de los brazos de una madre venezolana por autoridades de Estados Unidos<a><\/a>, acto que denunci\u00f3 como un crimen frente a las leyes internacionales.<\/p>\n\n\n\n<p>\u201cArrebatar una ni\u00f1a de los brazos de su madre s\u00f3lo porque es migrante, adem\u00e1s de acusar sin pruebas que es miembro de una banda criminal, es un crimen ante cualquier ley internacional\u201d, sentenci\u00f3 el Mandatario, reflejando el compromiso del gobierno con la protecci\u00f3n de los derechos humanos.<\/p>\n\n\n\n<p>Asimismo, cuestion\u00f3 la falta de acci\u00f3n de la Corte Penal Internacional: \u201cLa CPI no act\u00faa. Si en Estados Unidos se aplica la justicia, alg\u00fan juez rescatar\u00eda a la ni\u00f1a, enviar\u00eda a la c\u00e1rcel al que se la arrebat\u00f3 en el avi\u00f3n y se la entregar\u00eda a su madre inmediatamente\u201d.<\/p>\n\n\n\n<p>Las palabras del jefe de Estado tambi\u00e9n incluyeron una cr\u00edtica al gobierno estadounidense, que reconoci\u00f3 el secuestro de la menor por parte de sus autoridades.<\/p>\n\n\n\n<p>\u201cEl gobierno de Estados Unidos confes\u00f3 que la ten\u00edan secuestrada. La Corte Penal no hace nada. Si en EEUU existiera la justicia, meter\u00eda preso a quien se la arrebat\u00f3 y se la regresar\u00eda de inmediato. Se parecen a los perseguidores nazis\u201d, acot\u00f3.<\/p>\n\n\n\n<p>Adem\u00e1s, el Presidente abord\u00f3 la situaci\u00f3n de 252 venezolanos encarcelados en El Salvador, afirmando su inocencia. \u201cSi hubiera justicia internacional y la Corte de Justicia no estuviera amordazada por Bukele, ya estuvieran en libertad los 252 venezolanos que est\u00e1n secuestrados en la c\u00e1rcel de El Salvador, lo cual fue reconocido por el gobierno de EEUU\u201d.<\/p>\n\n\n\n<p>En cuanto al presidente de El Salvador, Nayib Bukele, el jefe de Estado advirti\u00f3 sobre las consecuencias de sus actos. \u201cSe meti\u00f3 en un berenjenal. Lo que le viene a Bukele es un tsunami. Ustedes lo ver\u00e1n, ya gobernadores de ocho estados en EEUU est\u00e1n tomando medidas, asociaciones de migrantes y la Asociaci\u00f3n Americana de Juristas han repudiado estas acciones de Bukele. Por malintencionado y nazifascista, se meti\u00f3 en un tremendo problema\u201d.<\/p>\n\n\n\n<p><strong>Prensa Presidencial\/ Luis Tavera<\/strong><\/p>\n","protected":false},"excerpt":{"rendered":"<p>Palacio de Miraflores, Caracas. &#8211; El presidente de la Rep\u00fablica Bolivariana de Venezuela, Nicol\u00e1s Maduro, durante la edici\u00f3n 77\u00b0 de su programa Con Maduro, conden\u00f3 el arrebato de una ni\u00f1a de los brazos de una madre venezolana por autoridades de Estados Unidos, acto que denunci\u00f3 como un crimen frente a las leyes internacionales. \u201cArrebatar una [&hellip;]<\/p>\n","protected":false},"author":1,"featured_media":19418,"comment_status":"open","ping_status":"open","sticky":false,"template":"","format":"standard","meta":{"footnotes":""},"categories":[18,7],"tags":[473,1684,1683],"class_list":["post-19417","post","type-post","status-publish","format-standard","has-post-thumbnail","hentry","category-noticias-principales","category-notas-de-prensa","tag-denuncia","tag-nina","tag-secuestro"],"_links":{"self":[{"href":"https:\/\/prensapresidencialvenezuela.gob.ve\/index.php\/wp-json\/wp\/v2\/posts\/19417","targetHints":{"allow":["GET"]}}],"collection":[{"href":"https:\/\/prensapresidencialvenezuela.gob.ve\/index.php\/wp-json\/wp\/v2\/posts"}],"about":[{"href":"https:\/\/prensapresidencialvenezuela.gob.ve\/index.php\/wp-json\/wp\/v2\/types\/post"}],"author":[{"embeddable":true,"href":"https:\/\/prensapresidencialvenezuela.gob.ve\/index.php\/wp-json\/wp\/v2\/users\/1"}],"replies":[{"embeddable":true,"href":"https:\/\/prensapresidencialvenezuela.gob.ve\/index.php\/wp-json\/wp\/v2\/comments?post=19417"}],"version-history":[{"count":1,"href":"https:\/\/prensapresidencialvenezuela.gob.ve\/index.php\/wp-json\/wp\/v2\/posts\/19417\/revisions"}],"predecessor-version":[{"id":19419,"href":"https:\/\/prensapresidencialvenezuela.gob.ve\/index.php\/wp-json\/wp\/v2\/posts\/19417\/revisions\/19419"}],"wp:featuredmedia":[{"embeddable":true,"href":"https:\/\/prensapresidencialvenezuela.gob.ve\/index.php\/wp-json\/wp\/v2\/media\/19418"}],"wp:attachment":[{"href":"https:\/\/prensapresidencialvenezuela.gob.ve\/index.php\/wp-json\/wp\/v2\/media?parent=19417"}],"wp:term":[{"taxonomy":"category","embeddable":true,"href":"https:\/\/prensapresidencialvenezuela.gob.ve\/index.php\/wp-json\/wp\/v2\/categories?post=19417"},{"taxonomy":"post_tag","embeddable":true,"href":"https:\/\/prensapresidencialvenezuela.gob.ve\/index.php\/wp-json\/wp\/v2\/tags?post=19417"}],"curies":[{"name":"wp","href":"https:\/\/api.w.org\/{rel}","templated":true}]}}