{"id":19423,"date":"2025-04-28T22:46:36","date_gmt":"2025-04-29T02:46:36","guid":{"rendered":"https:\/\/prensapresidencialvenezuela.gob.ve\/?p=19423"},"modified":"2025-04-28T22:46:37","modified_gmt":"2025-04-29T02:46:37","slug":"27-de-abril-ejemplo-de-transformacion-politica-y-de-democracia-directa-en-venezuela","status":"publish","type":"post","link":"https:\/\/prensapresidencialvenezuela.gob.ve\/index.php\/2025\/04\/28\/27-de-abril-ejemplo-de-transformacion-politica-y-de-democracia-directa-en-venezuela\/","title":{"rendered":"27 de abril: Ejemplo de transformaci\u00f3n pol\u00edtica y de democracia directa en Venezuela"},"content":{"rendered":"\n<p><strong>Palacio de Miraflores, Caracas.-<\/strong> Durante el programa Con Maduro +, el presidente de la Rep\u00fablica Bolivariana de Venezuela, Nicol\u00e1s Maduro Moros, destac\u00f3 que la Consulta Popular Nacional del \u00ab27 de abril\u00bb, fue una muestra de la transformaci\u00f3n pol\u00edtica y de democracia directa.&nbsp;<\/p>\n\n\n\n<p>En este contexto, el ministro del Poder Popular para las Comunas, los Movimientos Sociales y Agricultura Urbana, expres\u00f3 que \u00abel domingo 27 de abril&nbsp; hubo una movilizaci\u00f3n masiva del pueblo para la Consulta Popular, por lo que hoy somos Gobierno desde el Poder Popular, desde el territorio, desde la comuna\u00bb.&nbsp;<\/p>\n\n\n\n<p>En este&nbsp; sentido, el Presidente record\u00f3 que el d\u00eda de ayer emiti\u00f3 una serie de instrucciones acerca de las tres (3) metas que se deben cumplir en los pr\u00f3ximos 30 d\u00edas, sobre la consolidaci\u00f3n del 100% de las Salas de Autogobierno Popular en todas las comunas y circuitos comunales del pa\u00eds y de&nbsp; los equipos de trabajo integrales, basados en el Plan de las 7T.<\/p>\n\n\n\n<p>Sumado a esta instrucci\u00f3n, agreg\u00f3 que todos los encargados de las Misiones y Grandes Misiones, deben estructurar y organizar los Comit\u00e9s de Bases de j\u00f3venes, mujeres y de abuelos, para dar un gran salto en la capacidad de autogobierno.<\/p>\n\n\n\n<p>Mientras uno de los integrantes de la Comuna de Caicara, Manuel Cede\u00f1o, del estado Monagas, presente en la edici\u00f3n de este lunes, manifest\u00f3 que la comunidad cuenta con 16 consejos comunales, se escogi\u00f3 en primer lugar, el plan de perforaci\u00f3n de un pozo en el sector Bella Vista, que beneficiar\u00e1 a cinco (5) comunidades, y en segundo lugar, la rehabilitaci\u00f3n de un centro de educaci\u00f3n diversificada.<\/p>\n\n\n\n<p>El<a><\/a> jefe de Estado se\u00f1al\u00f3 que \u00e9l asumir\u00e1 el segundo proyecto elegido en esta comunidad, con Juntos Todo es Posible, y a su vez, solicit\u00f3 a Ernesto Luna, gobernador del estado Monagas, asumir los recursos del tercer proyecto que \u00abse eligi\u00f3 en esa comunidad, como un premio a sus esfuerzos\u00bb.&nbsp;&nbsp;<\/p>\n\n\n\n<p>El L\u00edder venezolano manifest\u00f3 que para finales del mes de mayo se inaugurar\u00e1 el campus universitario m\u00e1s importante, en el estado Carabobo, donde va a estar la rector\u00eda y la sede de la Universidad Nacional de las Comunas.<\/p>\n\n\n\n<p><strong>Prensa Presidencial\/Irmary D\u00edaz.<\/strong><\/p>\n","protected":false},"excerpt":{"rendered":"<p>Palacio de Miraflores, Caracas.- Durante el programa Con Maduro +, el presidente de la Rep\u00fablica Bolivariana de Venezuela, Nicol\u00e1s Maduro Moros, destac\u00f3 que la Consulta Popular Nacional del \u00ab27 de abril\u00bb, fue una muestra de la transformaci\u00f3n pol\u00edtica y de democracia directa.&nbsp; En este contexto, el ministro del Poder Popular para las Comunas, los Movimientos [&hellip;]<\/p>\n","protected":false},"author":1,"featured_media":19424,"comment_status":"open","ping_status":"open","sticky":false,"template":"","format":"standard","meta":{"footnotes":""},"categories":[18,7],"tags":[1319,789,1321],"class_list":["post-19423","post","type-post","status-publish","format-standard","has-post-thumbnail","hentry","category-noticias-principales","category-notas-de-prensa","tag-27a","tag-democracia","tag-directa"],"_links":{"self":[{"href":"https:\/\/prensapresidencialvenezuela.gob.ve\/index.php\/wp-json\/wp\/v2\/posts\/19423","targetHints":{"allow":["GET"]}}],"collection":[{"href":"https:\/\/prensapresidencialvenezuela.gob.ve\/index.php\/wp-json\/wp\/v2\/posts"}],"about":[{"href":"https:\/\/prensapresidencialvenezuela.gob.ve\/index.php\/wp-json\/wp\/v2\/types\/post"}],"author":[{"embeddable":true,"href":"https:\/\/prensapresidencialvenezuela.gob.ve\/index.php\/wp-json\/wp\/v2\/users\/1"}],"replies":[{"embeddable":true,"href":"https:\/\/prensapresidencialvenezuela.gob.ve\/index.php\/wp-json\/wp\/v2\/comments?post=19423"}],"version-history":[{"count":1,"href":"https:\/\/prensapresidencialvenezuela.gob.ve\/index.php\/wp-json\/wp\/v2\/posts\/19423\/revisions"}],"predecessor-version":[{"id":19425,"href":"https:\/\/prensapresidencialvenezuela.gob.ve\/index.php\/wp-json\/wp\/v2\/posts\/19423\/revisions\/19425"}],"wp:featuredmedia":[{"embeddable":true,"href":"https:\/\/prensapresidencialvenezuela.gob.ve\/index.php\/wp-json\/wp\/v2\/media\/19424"}],"wp:attachment":[{"href":"https:\/\/prensapresidencialvenezuela.gob.ve\/index.php\/wp-json\/wp\/v2\/media?parent=19423"}],"wp:term":[{"taxonomy":"category","embeddable":true,"href":"https:\/\/prensapresidencialvenezuela.gob.ve\/index.php\/wp-json\/wp\/v2\/categories?post=19423"},{"taxonomy":"post_tag","embeddable":true,"href":"https:\/\/prensapresidencialvenezuela.gob.ve\/index.php\/wp-json\/wp\/v2\/tags?post=19423"}],"curies":[{"name":"wp","href":"https:\/\/api.w.org\/{rel}","templated":true}]}}