{"id":19426,"date":"2025-04-28T22:52:38","date_gmt":"2025-04-29T02:52:38","guid":{"rendered":"https:\/\/prensapresidencialvenezuela.gob.ve\/?p=19426"},"modified":"2025-04-28T22:52:39","modified_gmt":"2025-04-29T02:52:39","slug":"consulta-popular-de-la-juventud-sera-el-proximo-27-de-julio","status":"publish","type":"post","link":"https:\/\/prensapresidencialvenezuela.gob.ve\/index.php\/2025\/04\/28\/consulta-popular-de-la-juventud-sera-el-proximo-27-de-julio\/","title":{"rendered":"Consulta Popular de la Juventud ser\u00e1 el pr\u00f3ximo 27 de julio"},"content":{"rendered":"\n<p><strong>Palacio de Miraflores, Caracas.-<\/strong> El presidente de la Rep\u00fablica Bolivariana de Venezuela, Nicol\u00e1s Maduro, anunci\u00f3 que la Consulta Popular de la Juventud se realizar\u00e1 el pr\u00f3ximo 27 de julio de 2025, y que esta representa un hito monumental para la participaci\u00f3n ciudadana en Venezuela.<\/p>\n\n\n\n<p>El jefe de Estado declar\u00f3: \u00abEstos comicios permitir\u00e1n a la juventud liderar proyectos comunitarios, para consolidar el modelo de democracia directa en el pa\u00eds.\u00bb<\/p>\n\n\n\n<p>Este proceso esencial busca redimensionar el Autogobierno Comunal, con el objetivo de alcanzar el 100 % de los Sistemas de Gobierno Popular y Comunal en los pr\u00f3ximos 30 d\u00edas.<\/p>\n\n\n\n<p>El Mandatario puntualiz\u00f3:\u00bbDebemos perfeccionar la metodolog\u00eda del Autogobierno Comunal y crear cimientos s\u00f3lidos para el futuro de nuestra sociedad.\u00bb<\/p>\n\n\n\n<p>La integraci\u00f3n de las grandes misiones sociales en esta din\u00e1mica es fundamental. \u00abIncluir a las mujeres, la cultura y los adultos mayores fortalece nuestro compromiso con el Poder Popular\u00bb, resalt\u00f3 el Presidente.<\/p>\n\n\n\n<p>A trav\u00e9s de estas iniciativas, el Gobierno Bolivariano se reafirma como la voz de un nuevo modelo de Estado comunal, destinado a empoderar a las comunidades y a promover una democracia donde cada ciudadano tenga protagonismo en su destino. \u00abLa participaci\u00f3n del pueblo es la clave para generar un verdadero cambio en nuestra naci\u00f3n\u00bb, concluy\u00f3 el presidente Maduro.<\/p>\n\n\n\n<p>Por su parte, el ministro del Poder Popular para las Comunas y Movimientos Sociales, \u00c1ngel Prado, resalt\u00f3 la masiva participaci\u00f3n del pueblo en las consultas comunales, al subrayar que el Poder Popular es el nuevo Gobierno en las comunidades.<\/p>\n\n\n\n<p>Asimismo, el vicepresidente para Comunas y Movimientos Sociales del Partido Socialista Unido de Venezuela (PSUV), Jorge Arreaza, coment\u00f3 que \u00abla Universidad de las Comunas ser\u00e1 un pilar en la transformaci\u00f3n basada en los saberes populares y t\u00e9cnicos, donde los estudiantes ser\u00e1n elegidos por los mismos Circuitos Comunales. Estaremos con ellos desde el inicio de la carrera hasta el final con proyectos qu<a><\/a>e tengan que ver con el Poder Popular, ya sea de ingenier\u00eda, arquitectura, agroalimentaria, salud, entre otros\u201d. &nbsp;&nbsp;<\/p>\n\n\n\n<p><strong>Prensa Presidencial\/ Luis Tavera<\/strong><\/p>\n","protected":false},"excerpt":{"rendered":"<p>Palacio de Miraflores, Caracas.- El presidente de la Rep\u00fablica Bolivariana de Venezuela, Nicol\u00e1s Maduro, anunci\u00f3 que la Consulta Popular de la Juventud se realizar\u00e1 el pr\u00f3ximo 27 de julio de 2025, y que esta representa un hito monumental para la participaci\u00f3n ciudadana en Venezuela. El jefe de Estado declar\u00f3: \u00abEstos comicios permitir\u00e1n a la juventud [&hellip;]<\/p>\n","protected":false},"author":1,"featured_media":19427,"comment_status":"open","ping_status":"open","sticky":false,"template":"","format":"standard","meta":{"footnotes":""},"categories":[18,7],"tags":[672,1686,109],"class_list":["post-19426","post","type-post","status-publish","format-standard","has-post-thumbnail","hentry","category-noticias-principales","category-notas-de-prensa","tag-consulta","tag-julio","tag-juventud"],"_links":{"self":[{"href":"https:\/\/prensapresidencialvenezuela.gob.ve\/index.php\/wp-json\/wp\/v2\/posts\/19426","targetHints":{"allow":["GET"]}}],"collection":[{"href":"https:\/\/prensapresidencialvenezuela.gob.ve\/index.php\/wp-json\/wp\/v2\/posts"}],"about":[{"href":"https:\/\/prensapresidencialvenezuela.gob.ve\/index.php\/wp-json\/wp\/v2\/types\/post"}],"author":[{"embeddable":true,"href":"https:\/\/prensapresidencialvenezuela.gob.ve\/index.php\/wp-json\/wp\/v2\/users\/1"}],"replies":[{"embeddable":true,"href":"https:\/\/prensapresidencialvenezuela.gob.ve\/index.php\/wp-json\/wp\/v2\/comments?post=19426"}],"version-history":[{"count":1,"href":"https:\/\/prensapresidencialvenezuela.gob.ve\/index.php\/wp-json\/wp\/v2\/posts\/19426\/revisions"}],"predecessor-version":[{"id":19428,"href":"https:\/\/prensapresidencialvenezuela.gob.ve\/index.php\/wp-json\/wp\/v2\/posts\/19426\/revisions\/19428"}],"wp:featuredmedia":[{"embeddable":true,"href":"https:\/\/prensapresidencialvenezuela.gob.ve\/index.php\/wp-json\/wp\/v2\/media\/19427"}],"wp:attachment":[{"href":"https:\/\/prensapresidencialvenezuela.gob.ve\/index.php\/wp-json\/wp\/v2\/media?parent=19426"}],"wp:term":[{"taxonomy":"category","embeddable":true,"href":"https:\/\/prensapresidencialvenezuela.gob.ve\/index.php\/wp-json\/wp\/v2\/categories?post=19426"},{"taxonomy":"post_tag","embeddable":true,"href":"https:\/\/prensapresidencialvenezuela.gob.ve\/index.php\/wp-json\/wp\/v2\/tags?post=19426"}],"curies":[{"name":"wp","href":"https:\/\/api.w.org\/{rel}","templated":true}]}}