{"id":19429,"date":"2025-04-28T23:43:05","date_gmt":"2025-04-29T03:43:05","guid":{"rendered":"https:\/\/prensapresidencialvenezuela.gob.ve\/?p=19429"},"modified":"2025-04-28T23:43:06","modified_gmt":"2025-04-29T03:43:06","slug":"venezuela-celebra-el-crecimiento-economico","status":"publish","type":"post","link":"https:\/\/prensapresidencialvenezuela.gob.ve\/index.php\/2025\/04\/28\/venezuela-celebra-el-crecimiento-economico\/","title":{"rendered":"Venezuela celebra el crecimiento econ\u00f3mico"},"content":{"rendered":"\n<p><strong>Palacio de Miraflores, Caracas. \u2013<\/strong> el presidente de la Rep\u00fablica Bolivariana de Venezuela, Nicol\u00e1s Maduro, destac\u00f3 los logros econ\u00f3micos de su gobierno, tras indicar que estos alcances son producto a la no aplicaci\u00f3n de medidas imperiales.<\/p>\n\n\n\n<p>\u00abNosotros rompimos las amarras con el Banco Mundial y el Fondo Monetario, con el imperialismo\u00bb y que, en su lugar, est\u00e1n construyendo un modelo propio \u00abautosostenible y con nuevas relaciones con un mundo nuevo\u00bb.<\/p>\n\n\n\n<p><strong>Dieciseis trimestres de crecimiento econ\u00f3mico<\/strong><\/p>\n\n\n\n<p>El presidente Maduro subray\u00f3 que Venezuela ha experimentado \u00abdiecis\u00e9is trimestres consecutivos de crecimiento\u00bb, a pesar de los desaf\u00edos enfrentados.<\/p>\n\n\n\n<p>\u00abHab\u00edamos tenido un problema de sobrecalentamiento del comercio, inclusive, es un fen\u00f3meno porque la econom\u00eda comenz\u00f3 a generar un nivel intenso de comercio internacional\u00bb, explic\u00f3.<\/p>\n\n\n\n<p>Asimismo, resalt\u00f3 que desde octubre hasta abril, su administraci\u00f3n ha estado \u00abtratando de llevar la conducci\u00f3n, la gobernabilidad de ese sobrecalentamiento\u00bb.<\/p>\n\n\n\n<p>El Mandatario enfatiz\u00f3 que este crecimiento no se basa, como en el pasado, \u00fanicamente en el aumento de las exportaciones petroleras, un fen\u00f3meno que \u00e9l calific\u00f3 como \u00abcrecimiento ficticio\u00bb.<\/p>\n\n\n\n<p>En cambio, el Jefe de Estado subray\u00f3 que \u00abahora crece concreto la econom\u00eda que produce alimentos, la econom\u00eda que produce bienes y servicios, la econom\u00eda que produce medicinas\u00bb.<\/p>\n\n\n\n<p>En esa l\u00ednea, pormenoriz\u00f3 que todos los \u00abtrece motores de la econom\u00eda\u00bb, incluyendo el emprendimiento, est\u00e1n funcionando de manera \u00abarm\u00f3nica y acompasada\u00bb.<\/p>\n\n\n\n<p>Particularmente notable fue su menci\u00f3n al motor del emprendimiento, que, ha crecido un 59% porciento y contin\u00faa en ascenso.<\/p>\n\n\n\n<p>\u00abEste a\u00f1o va creciendo a un ritmo alt\u00edsimo tambi\u00e9n y as\u00ed vamos a mantenernos\u00bb, se\u00f1al\u00f3.<\/p>\n\n\n\n<p><strong>Prensa Presidencial \/ Eduardo Hueck<\/strong><\/p>\n\n\n\n<p><\/p>\n","protected":false},"excerpt":{"rendered":"<p>Palacio de Miraflores, Caracas. \u2013 el presidente de la Rep\u00fablica Bolivariana de Venezuela, Nicol\u00e1s Maduro, destac\u00f3 los logros econ\u00f3micos de su gobierno, tras indicar que estos alcances son producto a la no aplicaci\u00f3n de medidas imperiales. \u00abNosotros rompimos las amarras con el Banco Mundial y el Fondo Monetario, con el imperialismo\u00bb y que, en su [&hellip;]<\/p>\n","protected":false},"author":1,"featured_media":19430,"comment_status":"open","ping_status":"open","sticky":false,"template":"","format":"standard","meta":{"footnotes":""},"categories":[18,7],"tags":[30,19,27,20],"class_list":["post-19429","post","type-post","status-publish","format-standard","has-post-thumbnail","hentry","category-noticias-principales","category-notas-de-prensa","tag-destacado","tag-nicolas-maduro","tag-revolucion-bolivariana","tag-venezuela"],"_links":{"self":[{"href":"https:\/\/prensapresidencialvenezuela.gob.ve\/index.php\/wp-json\/wp\/v2\/posts\/19429","targetHints":{"allow":["GET"]}}],"collection":[{"href":"https:\/\/prensapresidencialvenezuela.gob.ve\/index.php\/wp-json\/wp\/v2\/posts"}],"about":[{"href":"https:\/\/prensapresidencialvenezuela.gob.ve\/index.php\/wp-json\/wp\/v2\/types\/post"}],"author":[{"embeddable":true,"href":"https:\/\/prensapresidencialvenezuela.gob.ve\/index.php\/wp-json\/wp\/v2\/users\/1"}],"replies":[{"embeddable":true,"href":"https:\/\/prensapresidencialvenezuela.gob.ve\/index.php\/wp-json\/wp\/v2\/comments?post=19429"}],"version-history":[{"count":1,"href":"https:\/\/prensapresidencialvenezuela.gob.ve\/index.php\/wp-json\/wp\/v2\/posts\/19429\/revisions"}],"predecessor-version":[{"id":19431,"href":"https:\/\/prensapresidencialvenezuela.gob.ve\/index.php\/wp-json\/wp\/v2\/posts\/19429\/revisions\/19431"}],"wp:featuredmedia":[{"embeddable":true,"href":"https:\/\/prensapresidencialvenezuela.gob.ve\/index.php\/wp-json\/wp\/v2\/media\/19430"}],"wp:attachment":[{"href":"https:\/\/prensapresidencialvenezuela.gob.ve\/index.php\/wp-json\/wp\/v2\/media?parent=19429"}],"wp:term":[{"taxonomy":"category","embeddable":true,"href":"https:\/\/prensapresidencialvenezuela.gob.ve\/index.php\/wp-json\/wp\/v2\/categories?post=19429"},{"taxonomy":"post_tag","embeddable":true,"href":"https:\/\/prensapresidencialvenezuela.gob.ve\/index.php\/wp-json\/wp\/v2\/tags?post=19429"}],"curies":[{"name":"wp","href":"https:\/\/api.w.org\/{rel}","templated":true}]}}