{"id":19443,"date":"2025-04-29T00:36:19","date_gmt":"2025-04-29T04:36:19","guid":{"rendered":"https:\/\/prensapresidencialvenezuela.gob.ve\/?p=19443"},"modified":"2025-04-29T00:36:20","modified_gmt":"2025-04-29T04:36:20","slug":"trova-fest-expande-cultura-a-las-aulas-de-clase-de-todo-el-pais","status":"publish","type":"post","link":"https:\/\/prensapresidencialvenezuela.gob.ve\/index.php\/2025\/04\/29\/trova-fest-expande-cultura-a-las-aulas-de-clase-de-todo-el-pais\/","title":{"rendered":"Trova Fest expande cultura a las aulas de clase de todo el pa\u00eds"},"content":{"rendered":"\n<p><strong>Palacio de Miraflores, Caracas.-<\/strong> El equipo promotor del exitoso Trova Fest 2025 present\u00f3 al presidente de la Rep\u00fablica Bolivariana de Venezuela, Nicol\u00e1s Maduro, la propuesta \u00abTrova Fest 2025: liceo y universidad\u00bb, durante el segmento cultural del programa Con Maduro +.<\/p>\n\n\n\n<p><strong>La batalla cultural<\/strong><\/p>\n\n\n\n<p>El jefe de Estado enfatiz\u00f3 la necesidad de llevar el proyecto a las instituciones educativas en alianza con la Organizaci\u00f3n Bolivariana de Estudiantes y la Federaci\u00f3n Venezolana de Estudiantes de Educaci\u00f3n Media.<\/p>\n\n\n\n<p>\u00abSembrar, como quien siembra en el alma, una idea, un mensaje y una fuerza que se multiplica m\u00e1s all\u00e1 de lo que podemos percibir\u00bb, afirm\u00f3 el presidente Maduro, subrayando el poder transformador de la cultura revolucionaria.<br>\u00abEl pueblo es cultura que resiste\u00bb<\/p>\n\n\n\n<p>El ministro del Poder Popular para la Cultura, Ernesto Villegas, destac\u00f3 el car\u00e1cter mod\u00e9lico del Trova Fest 2025 como iniciativa autogestionada por los artistas.<\/p>\n\n\n\n<p>\u00abNuestro pueblo es cultura, y estos artistas son expresi\u00f3n de esa cultura que se resiste a desaparecer, que se reinventa ante los obst\u00e1culos impuestos en la construcci\u00f3n de la patria\u00bb, se\u00f1al\u00f3.<\/p>\n\n\n\n<p>La esperanza hace posible lo imposible<\/p>\n\n\n\n<p>Villegas resalt\u00f3 la fuerza de la Revoluci\u00f3n Bolivariana: \u00abLos artistas se plantearon el imposible porque sintieron que era posible. La esperanza de nuestro pueblo convierte lo inalcanzable en realidad\u00bb.<\/p>\n\n\n\n<p>Poder Popular: base de la cultura combatiente<\/p>\n\n\n\n<p>El cantor Al\u00ed Alejandro Primera reafirm\u00f3 el papel protag\u00f3nico de las comunas: \u00abLa Comuna debe proveer espacios, movilizaci\u00f3n y econom\u00eda sustentable. Sonido, iluminaci\u00f3n, tarima, hospedaje y alimentaci\u00f3n para los artistas: todo est\u00e1 planteado\u00bb.<\/p>\n\n\n\n<p>El Mandatario nacional afirm\u00f3 que el compromiso es claro: \u201cllevar el Trova Fest a las escuelas y mantenerlo como trinchera de la cultura popular. \u00a1La revoluci\u00f3n se canta, se lucha y se multiplica!\u201d, concluy\u00f3.<\/p>\n\n\n\n<p><strong>Prensa Presidencial\/ Luis Tavera<\/strong><\/p>\n\n\n\n<p><\/p>\n","protected":false},"excerpt":{"rendered":"<p>Palacio de Miraflores, Caracas.- El equipo promotor del exitoso Trova Fest 2025 present\u00f3 al presidente de la Rep\u00fablica Bolivariana de Venezuela, Nicol\u00e1s Maduro, la propuesta \u00abTrova Fest 2025: liceo y universidad\u00bb, durante el segmento cultural del programa Con Maduro +. La batalla cultural El jefe de Estado enfatiz\u00f3 la necesidad de llevar el proyecto a [&hellip;]<\/p>\n","protected":false},"author":1,"featured_media":19444,"comment_status":"open","ping_status":"open","sticky":false,"template":"","format":"standard","meta":{"footnotes":""},"categories":[18,7],"tags":[30,19,27],"class_list":["post-19443","post","type-post","status-publish","format-standard","has-post-thumbnail","hentry","category-noticias-principales","category-notas-de-prensa","tag-destacado","tag-nicolas-maduro","tag-revolucion-bolivariana"],"_links":{"self":[{"href":"https:\/\/prensapresidencialvenezuela.gob.ve\/index.php\/wp-json\/wp\/v2\/posts\/19443","targetHints":{"allow":["GET"]}}],"collection":[{"href":"https:\/\/prensapresidencialvenezuela.gob.ve\/index.php\/wp-json\/wp\/v2\/posts"}],"about":[{"href":"https:\/\/prensapresidencialvenezuela.gob.ve\/index.php\/wp-json\/wp\/v2\/types\/post"}],"author":[{"embeddable":true,"href":"https:\/\/prensapresidencialvenezuela.gob.ve\/index.php\/wp-json\/wp\/v2\/users\/1"}],"replies":[{"embeddable":true,"href":"https:\/\/prensapresidencialvenezuela.gob.ve\/index.php\/wp-json\/wp\/v2\/comments?post=19443"}],"version-history":[{"count":1,"href":"https:\/\/prensapresidencialvenezuela.gob.ve\/index.php\/wp-json\/wp\/v2\/posts\/19443\/revisions"}],"predecessor-version":[{"id":19445,"href":"https:\/\/prensapresidencialvenezuela.gob.ve\/index.php\/wp-json\/wp\/v2\/posts\/19443\/revisions\/19445"}],"wp:featuredmedia":[{"embeddable":true,"href":"https:\/\/prensapresidencialvenezuela.gob.ve\/index.php\/wp-json\/wp\/v2\/media\/19444"}],"wp:attachment":[{"href":"https:\/\/prensapresidencialvenezuela.gob.ve\/index.php\/wp-json\/wp\/v2\/media?parent=19443"}],"wp:term":[{"taxonomy":"category","embeddable":true,"href":"https:\/\/prensapresidencialvenezuela.gob.ve\/index.php\/wp-json\/wp\/v2\/categories?post=19443"},{"taxonomy":"post_tag","embeddable":true,"href":"https:\/\/prensapresidencialvenezuela.gob.ve\/index.php\/wp-json\/wp\/v2\/tags?post=19443"}],"curies":[{"name":"wp","href":"https:\/\/api.w.org\/{rel}","templated":true}]}}