{"id":1948,"date":"2022-05-18T13:55:00","date_gmt":"2022-05-18T13:55:00","guid":{"rendered":"http:\/\/172.27.0.121\/?p=1948"},"modified":"2022-07-01T13:57:40","modified_gmt":"2022-07-01T13:57:40","slug":"presidente-maduro-se-reune-con-presidenta-de-tves","status":"publish","type":"post","link":"https:\/\/prensapresidencialvenezuela.gob.ve\/index.php\/2022\/05\/18\/presidente-maduro-se-reune-con-presidenta-de-tves\/","title":{"rendered":"Presidente Maduro se re\u00fane con presidenta de Tves"},"content":{"rendered":"\n<p><strong>Palacio de Miraflores, Caracas.- <\/strong>El presidente de la Rep\u00fablica, Nicol\u00e1s Maduro, sostiene este mi\u00e9rcoles un encuentro con la presidenta de la Televisora Venezolana Social (Tves), Marlene De Andrade, en el Palacio de Miraflores, ubicado en Caracas.<\/p>\n\n\n\n<p>La reuni\u00f3n que cuenta con la participaci\u00f3n del diputado de la Asamblea Nacional (AN), Winston Vallenilla, es propicia para la entrega del seriado audiovisual de la primera temporada del programa \u00abCambiando Vidas\u00bb, transmitido los mi\u00e9rcoles a las 12:00 del mediod\u00eda por la se\u00f1al de Tves.<\/p>\n\n\n\n<p>\u00abEs un regalo bonito que ver\u00e1n pronto por Venezolana de Televisi\u00f3n y Tves (\u2026) Los 12 \u00faltimos cap\u00edtulos de la primera temporada de Cambiando Vidas\u00bb, apunt\u00f3 el Jefe de Estado desde el Despacho N\u00b01.<\/p>\n\n\n\n<p>El programa \u00abCambiando Vidas\u00bb, estrenado en 2016, es una ventana para conocer historias de venezolanos favorecidos por los programas sociales de la Revoluci\u00f3n Bolivariana.<\/p>\n\n\n\n<p><strong>Prensa Presidencial\/Karelis Gonz\u00e1lez<\/strong><\/p>\n","protected":false},"excerpt":{"rendered":"<p>Palacio de Miraflores, Caracas.- El presidente de la Rep\u00fablica, Nicol\u00e1s Maduro, sostiene este mi\u00e9rcoles un encuentro con la presidenta de la Televisora Venezolana Social (Tves), Marlene De Andrade, en el Palacio de Miraflores, ubicado en Caracas. La reuni\u00f3n que cuenta con la participaci\u00f3n del diputado de la Asamblea Nacional (AN), Winston Vallenilla, es propicia para [&hellip;]<\/p>\n","protected":false},"author":6,"featured_media":1949,"comment_status":"open","ping_status":"open","sticky":false,"template":"","format":"standard","meta":{"footnotes":""},"categories":[7],"tags":[],"class_list":["post-1948","post","type-post","status-publish","format-standard","has-post-thumbnail","hentry","category-notas-de-prensa"],"_links":{"self":[{"href":"https:\/\/prensapresidencialvenezuela.gob.ve\/index.php\/wp-json\/wp\/v2\/posts\/1948","targetHints":{"allow":["GET"]}}],"collection":[{"href":"https:\/\/prensapresidencialvenezuela.gob.ve\/index.php\/wp-json\/wp\/v2\/posts"}],"about":[{"href":"https:\/\/prensapresidencialvenezuela.gob.ve\/index.php\/wp-json\/wp\/v2\/types\/post"}],"author":[{"embeddable":true,"href":"https:\/\/prensapresidencialvenezuela.gob.ve\/index.php\/wp-json\/wp\/v2\/users\/6"}],"replies":[{"embeddable":true,"href":"https:\/\/prensapresidencialvenezuela.gob.ve\/index.php\/wp-json\/wp\/v2\/comments?post=1948"}],"version-history":[{"count":1,"href":"https:\/\/prensapresidencialvenezuela.gob.ve\/index.php\/wp-json\/wp\/v2\/posts\/1948\/revisions"}],"predecessor-version":[{"id":1950,"href":"https:\/\/prensapresidencialvenezuela.gob.ve\/index.php\/wp-json\/wp\/v2\/posts\/1948\/revisions\/1950"}],"wp:featuredmedia":[{"embeddable":true,"href":"https:\/\/prensapresidencialvenezuela.gob.ve\/index.php\/wp-json\/wp\/v2\/media\/1949"}],"wp:attachment":[{"href":"https:\/\/prensapresidencialvenezuela.gob.ve\/index.php\/wp-json\/wp\/v2\/media?parent=1948"}],"wp:term":[{"taxonomy":"category","embeddable":true,"href":"https:\/\/prensapresidencialvenezuela.gob.ve\/index.php\/wp-json\/wp\/v2\/categories?post=1948"},{"taxonomy":"post_tag","embeddable":true,"href":"https:\/\/prensapresidencialvenezuela.gob.ve\/index.php\/wp-json\/wp\/v2\/tags?post=1948"}],"curies":[{"name":"wp","href":"https:\/\/api.w.org\/{rel}","templated":true}]}}