{"id":1951,"date":"2022-05-19T13:58:00","date_gmt":"2022-05-19T13:58:00","guid":{"rendered":"http:\/\/172.27.0.121\/?p=1951"},"modified":"2022-07-01T13:59:09","modified_gmt":"2022-07-01T13:59:09","slug":"presidente-maduro-retoma-el-programa-radial-la-hora-de-la-salsa-2","status":"publish","type":"post","link":"https:\/\/prensapresidencialvenezuela.gob.ve\/index.php\/2022\/05\/19\/presidente-maduro-retoma-el-programa-radial-la-hora-de-la-salsa-2\/","title":{"rendered":"Presidente Maduro retoma el programa radial \u201cLa Hora de la Salsa\u201d"},"content":{"rendered":"\n<p><strong>Palacio de Miraflores, Caracas.- <\/strong>El presidente de la Rep\u00fablica, Nicol\u00e1s Maduro Moros, retoma este jueves el programa radial \u201cLa Hora de la Salsa y la Alegr\u00eda\u201d<em>,<\/em> que transmite la emisora Radio Miraflores a trav\u00e9s del dial 95.9FM y Salsa Caribe 102.3FM.<\/p>\n\n\n\n<p>\u201cYo disfruto mucho la salsa, la salsa es la vida, es la chispa, el humor, la tristeza, el dolor y con la salsa aprovecho para renovarme. Vamos a retomar de nuevo La Hora de la Salsa. El que no le guste la salsa no tiene sentimiento\u201d, inform\u00f3 durante una reuni\u00f3n, en d\u00edas pasados, con el cantante puertorrique\u00f1o Adalberto Santiago, en el Palacio de Miraflores.<\/p>\n\n\n\n<p>El programa radial \u201cLa Hora de la Salsa\u201d, sali\u00f3 al aire por primera vez el 01 de noviembre de 2016 \u201cen honor a Phidias Danilo Escalona, locutor que le dio el nombre a este g\u00e9nero musical\u201d, record\u00f3 el Mandatario nacional.<\/p>\n\n\n\n<p>Asimismo, el programa abord\u00f3 temas culturales, pol\u00edticos, nacionales e internacionales, as\u00ed como tambi\u00e9n la influencia del g\u00e9nero musical en la cultura del pa\u00eds.<\/p>\n\n\n\n<p>Durante la primera edici\u00f3n del programa radial, el Jefe de Estado venezolano, comparti\u00f3 su admiraci\u00f3n por artistas de este gener\u00f3 musical, al tiempo que precis\u00f3 que descubri\u00f3 el talante de las luchas populares reflejadas en las piezas de salsa.<\/p>\n\n\n\n<p><strong>Prensa Presidencial\/Joelin Jim\u00e9nez<\/strong><\/p>\n","protected":false},"excerpt":{"rendered":"<p>Palacio de Miraflores, Caracas.- El presidente de la Rep\u00fablica, Nicol\u00e1s Maduro Moros, retoma este jueves el programa radial \u201cLa Hora de la Salsa y la Alegr\u00eda\u201d, que transmite la emisora Radio Miraflores a trav\u00e9s del dial 95.9FM y Salsa Caribe 102.3FM. \u201cYo disfruto mucho la salsa, la salsa es la vida, es la chispa, el [&hellip;]<\/p>\n","protected":false},"author":6,"featured_media":1952,"comment_status":"open","ping_status":"open","sticky":false,"template":"","format":"standard","meta":{"footnotes":""},"categories":[7],"tags":[],"class_list":["post-1951","post","type-post","status-publish","format-standard","has-post-thumbnail","hentry","category-notas-de-prensa"],"_links":{"self":[{"href":"https:\/\/prensapresidencialvenezuela.gob.ve\/index.php\/wp-json\/wp\/v2\/posts\/1951","targetHints":{"allow":["GET"]}}],"collection":[{"href":"https:\/\/prensapresidencialvenezuela.gob.ve\/index.php\/wp-json\/wp\/v2\/posts"}],"about":[{"href":"https:\/\/prensapresidencialvenezuela.gob.ve\/index.php\/wp-json\/wp\/v2\/types\/post"}],"author":[{"embeddable":true,"href":"https:\/\/prensapresidencialvenezuela.gob.ve\/index.php\/wp-json\/wp\/v2\/users\/6"}],"replies":[{"embeddable":true,"href":"https:\/\/prensapresidencialvenezuela.gob.ve\/index.php\/wp-json\/wp\/v2\/comments?post=1951"}],"version-history":[{"count":1,"href":"https:\/\/prensapresidencialvenezuela.gob.ve\/index.php\/wp-json\/wp\/v2\/posts\/1951\/revisions"}],"predecessor-version":[{"id":1953,"href":"https:\/\/prensapresidencialvenezuela.gob.ve\/index.php\/wp-json\/wp\/v2\/posts\/1951\/revisions\/1953"}],"wp:featuredmedia":[{"embeddable":true,"href":"https:\/\/prensapresidencialvenezuela.gob.ve\/index.php\/wp-json\/wp\/v2\/media\/1952"}],"wp:attachment":[{"href":"https:\/\/prensapresidencialvenezuela.gob.ve\/index.php\/wp-json\/wp\/v2\/media?parent=1951"}],"wp:term":[{"taxonomy":"category","embeddable":true,"href":"https:\/\/prensapresidencialvenezuela.gob.ve\/index.php\/wp-json\/wp\/v2\/categories?post=1951"},{"taxonomy":"post_tag","embeddable":true,"href":"https:\/\/prensapresidencialvenezuela.gob.ve\/index.php\/wp-json\/wp\/v2\/tags?post=1951"}],"curies":[{"name":"wp","href":"https:\/\/api.w.org\/{rel}","templated":true}]}}