{"id":19586,"date":"2025-05-05T22:41:47","date_gmt":"2025-05-06T02:41:47","guid":{"rendered":"https:\/\/prensapresidencialvenezuela.gob.ve\/?p=19586"},"modified":"2025-05-05T22:41:48","modified_gmt":"2025-05-06T02:41:48","slug":"expertos-de-la-onu-condenaron-la-ley-de-enemigos-extranjeros-de-ee-uu","status":"publish","type":"post","link":"https:\/\/prensapresidencialvenezuela.gob.ve\/index.php\/2025\/05\/05\/expertos-de-la-onu-condenaron-la-ley-de-enemigos-extranjeros-de-ee-uu\/","title":{"rendered":"Expertos de la ONU condenaron la Ley de Enemigos Extranjeros de EE.UU."},"content":{"rendered":"\n<p><strong>Palacio de Miraflores, Caracas.-<\/strong> El presidente de la Rep\u00fablica Bolivariana de Venezuela, Nicol\u00e1s Maduro, calific\u00f3 la Ley de Enemigos Extranjeros, impulsada por el gobierno de Estados Unidos contra los migrantes, como una herramienta anacr\u00f3nica y una grave violaci\u00f3n a los derechos humanos.<\/p>\n\n\n\n<p>Durante su programa Con Maduro +, el jefe de Estado expres\u00f3 su preocupaci\u00f3n por c\u00f3mo esta legislaci\u00f3n est\u00e1 siendo aplicada a migrantes de diversas nacionalidades, particularmente a los venezolanos.<\/p>\n\n\n\n<p><strong>&nbsp;Rechazo internacional a la Ley<\/strong><\/p>\n\n\n\n<p>El presidente Maduro destac\u00f3 la reciente declaraci\u00f3n de un grupo de expertos de la Organizaci\u00f3n de las Naciones Unidas (ONU), quienes han condenado categ\u00f3ricamente el uso de esta ley.<\/p>\n\n\n\n<p>\u00abEstamos celebrando que voces internacionales se levantan en contra de este injusto instrumento jur\u00eddico que afecta a miles de migrantes en el mundo\u00bb, apunt\u00f3 el presidente.<\/p>\n\n\n\n<p><strong>Historias de desaparici\u00f3n y secuestro<\/strong><\/p>\n\n\n\n<p>El Dignatario subray\u00f3 que esta ley ha sido usada para \u00absecuestrar y desaparecer\u00bb a migrantes venezolanos, llev\u00e1ndolos a lo que \u00e9l describi\u00f3 como campos de concentraci\u00f3n en El Salvador.<\/p>\n\n\n\n<p>Adem\u00e1s, record\u00f3 que este tipo de legalidad ya hab\u00eda sido utilizado en el pasado para condenar a familias de origen japon\u00e9s, alem\u00e1n y austr\u00edaco, marcando un oscuro cap\u00edtulo en la historia de Estados Unidos.<\/p>\n\n\n\n<p>\u201cEsta ley es una verg\u00fcenza para Estados Unidos\u201d, enfatiz\u00f3 el presidente Maduro, a\u00f1adiendo que en plataformas como YouTube existen numerosos documentales que abordan este tema.<\/p>\n\n\n\n<p>\u00abNunca se hab\u00eda utilizado de tal manera y ahora parece ser un mecanismo para perseguir a los pueblos y violar masivamente los derechos humanos de los migrantes\u00bb, concluy\u00f3.<\/p>\n\n\n\n<p>El jefe de Estado hizo un llamado a la comunidad internacional para que se una en la defensa de los derechos de los migrantes.<\/p>\n\n\n\n<p>\u00abNo podemos permitir que se utilicen leyes arcaicas para justificar la deshumanizaci\u00f3n de pueblos enteros\u00bb, concluy\u00f3, instando a un enfoque m\u00e1s solidario y humano hacia quienes buscan una vida mejor. <strong>Prensa Presidencial\/ Luis Tavera<\/strong><\/p>\n","protected":false},"excerpt":{"rendered":"<p>Palacio de Miraflores, Caracas.- El presidente de la Rep\u00fablica Bolivariana de Venezuela, Nicol\u00e1s Maduro, calific\u00f3 la Ley de Enemigos Extranjeros, impulsada por el gobierno de Estados Unidos contra los migrantes, como una herramienta anacr\u00f3nica y una grave violaci\u00f3n a los derechos humanos. Durante su programa Con Maduro +, el jefe de Estado expres\u00f3 su preocupaci\u00f3n [&hellip;]<\/p>\n","protected":false},"author":1,"featured_media":19587,"comment_status":"open","ping_status":"open","sticky":false,"template":"","format":"standard","meta":{"footnotes":""},"categories":[18,7],"tags":[59,515,29],"class_list":["post-19586","post","type-post","status-publish","format-standard","has-post-thumbnail","hentry","category-noticias-principales","category-notas-de-prensa","tag-eeuu","tag-ley","tag-onu"],"_links":{"self":[{"href":"https:\/\/prensapresidencialvenezuela.gob.ve\/index.php\/wp-json\/wp\/v2\/posts\/19586","targetHints":{"allow":["GET"]}}],"collection":[{"href":"https:\/\/prensapresidencialvenezuela.gob.ve\/index.php\/wp-json\/wp\/v2\/posts"}],"about":[{"href":"https:\/\/prensapresidencialvenezuela.gob.ve\/index.php\/wp-json\/wp\/v2\/types\/post"}],"author":[{"embeddable":true,"href":"https:\/\/prensapresidencialvenezuela.gob.ve\/index.php\/wp-json\/wp\/v2\/users\/1"}],"replies":[{"embeddable":true,"href":"https:\/\/prensapresidencialvenezuela.gob.ve\/index.php\/wp-json\/wp\/v2\/comments?post=19586"}],"version-history":[{"count":1,"href":"https:\/\/prensapresidencialvenezuela.gob.ve\/index.php\/wp-json\/wp\/v2\/posts\/19586\/revisions"}],"predecessor-version":[{"id":19588,"href":"https:\/\/prensapresidencialvenezuela.gob.ve\/index.php\/wp-json\/wp\/v2\/posts\/19586\/revisions\/19588"}],"wp:featuredmedia":[{"embeddable":true,"href":"https:\/\/prensapresidencialvenezuela.gob.ve\/index.php\/wp-json\/wp\/v2\/media\/19587"}],"wp:attachment":[{"href":"https:\/\/prensapresidencialvenezuela.gob.ve\/index.php\/wp-json\/wp\/v2\/media?parent=19586"}],"wp:term":[{"taxonomy":"category","embeddable":true,"href":"https:\/\/prensapresidencialvenezuela.gob.ve\/index.php\/wp-json\/wp\/v2\/categories?post=19586"},{"taxonomy":"post_tag","embeddable":true,"href":"https:\/\/prensapresidencialvenezuela.gob.ve\/index.php\/wp-json\/wp\/v2\/tags?post=19586"}],"curies":[{"name":"wp","href":"https:\/\/api.w.org\/{rel}","templated":true}]}}