{"id":1963,"date":"2022-05-19T14:03:00","date_gmt":"2022-05-19T14:03:00","guid":{"rendered":"http:\/\/172.27.0.121\/?p=1963"},"modified":"2022-07-01T14:04:43","modified_gmt":"2022-07-01T14:04:43","slug":"presidente-reconoce-trabajo-del-cicpc-en-el-rescate-de-la-joven-franyeli-guerrero","status":"publish","type":"post","link":"https:\/\/prensapresidencialvenezuela.gob.ve\/index.php\/2022\/05\/19\/presidente-reconoce-trabajo-del-cicpc-en-el-rescate-de-la-joven-franyeli-guerrero\/","title":{"rendered":"Presidente reconoce trabajo del CICPC en el rescate de la joven Franyeli Guerrero"},"content":{"rendered":"\n<p><strong>Palacio de Miraflores, Caracas. \u2013<\/strong> El presidente de la Rep\u00fablica Bolivariana de Venezuela, Nicol\u00e1s Maduro, reconoci\u00f3 el trabajo del Cuerpo de Investigaciones Cient\u00edficas, Penales y Criminal\u00edsticas (CICPC), en el rescate de la joven Franyeli Guerrero, quien permaneci\u00f3&nbsp; retenida en una zona boscosa ubicada en la localidad de Arauquita entre los municipios Rojas y Alberto Arvelo Torrealba del estado Barinas.<\/p>\n\n\n\n<p>\u201cHoy tuvieron un gran logro, nos llen\u00f3 de felicidad al amanecer, al rescatar sana y salva a la joven Franyeli Guerrero, en Barinas\u201d, destac\u00f3 el Presidente venezolano.<\/p>\n\n\n\n<p>Subray\u00f3 que el rescate responde a los esfuerzos del director del cuerpo de investigaciones cient\u00edficas, \u201cDouglas Rico, su comisario general y director, a todo el personal de sus grupos de trabajo, de los comandos, all\u00e1 en Barinas, y en todo el llano venezolano, despu\u00e9s de una ardua investigaci\u00f3n cient\u00edfica, detallada, que fuimos llevando a detalle, se logr\u00f3 el rescate sana y salva de esta joven venezolana\u201d.<\/p>\n\n\n\n<p>En sus palabras, extendi\u00f3 bendiciones a la familia de Franyeli Guerrero, por corresponderse \u201ccon un logro de la Polic\u00eda Cient\u00edfica\u201d, a la que llam\u00f3 \u201ca continuar el combate contra todos los grupos delictivos, el delito y el crimen\u201d.<\/p>\n\n\n\n<p>Este 19 de mayo de 2022, A las 6:00 a.m. llegaron las buenas noticias. Los mensajes y fotograf\u00edas de Franyeli comenzaron a circular de manera masiva a trav\u00e9s de las redes sociales y grupos de WhatsApp.<\/p>\n\n\n\n<p>En el operativo para su rescate se activaron funcionarios del CICPC-Caracas que se trasladaron hasta el estado Barinas y siete miembros de la Policia Nacional Bolivariana (PNB), desplegados de manera estrat\u00e9gica para lograr un procedimiento sin saldos que lamentar.<\/p>\n\n\n\n<p><strong>Prensa Presidencial\/Ana\u00eds P\u00e9rez<\/strong><\/p>\n","protected":false},"excerpt":{"rendered":"<p>Palacio de Miraflores, Caracas. \u2013 El presidente de la Rep\u00fablica Bolivariana de Venezuela, Nicol\u00e1s Maduro, reconoci\u00f3 el trabajo del Cuerpo de Investigaciones Cient\u00edficas, Penales y Criminal\u00edsticas (CICPC), en el rescate de la joven Franyeli Guerrero, quien permaneci\u00f3&nbsp; retenida en una zona boscosa ubicada en la localidad de Arauquita entre los municipios Rojas y Alberto Arvelo [&hellip;]<\/p>\n","protected":false},"author":6,"featured_media":0,"comment_status":"open","ping_status":"open","sticky":false,"template":"","format":"standard","meta":{"footnotes":""},"categories":[7],"tags":[],"class_list":["post-1963","post","type-post","status-publish","format-standard","hentry","category-notas-de-prensa"],"_links":{"self":[{"href":"https:\/\/prensapresidencialvenezuela.gob.ve\/index.php\/wp-json\/wp\/v2\/posts\/1963","targetHints":{"allow":["GET"]}}],"collection":[{"href":"https:\/\/prensapresidencialvenezuela.gob.ve\/index.php\/wp-json\/wp\/v2\/posts"}],"about":[{"href":"https:\/\/prensapresidencialvenezuela.gob.ve\/index.php\/wp-json\/wp\/v2\/types\/post"}],"author":[{"embeddable":true,"href":"https:\/\/prensapresidencialvenezuela.gob.ve\/index.php\/wp-json\/wp\/v2\/users\/6"}],"replies":[{"embeddable":true,"href":"https:\/\/prensapresidencialvenezuela.gob.ve\/index.php\/wp-json\/wp\/v2\/comments?post=1963"}],"version-history":[{"count":1,"href":"https:\/\/prensapresidencialvenezuela.gob.ve\/index.php\/wp-json\/wp\/v2\/posts\/1963\/revisions"}],"predecessor-version":[{"id":1965,"href":"https:\/\/prensapresidencialvenezuela.gob.ve\/index.php\/wp-json\/wp\/v2\/posts\/1963\/revisions\/1965"}],"wp:attachment":[{"href":"https:\/\/prensapresidencialvenezuela.gob.ve\/index.php\/wp-json\/wp\/v2\/media?parent=1963"}],"wp:term":[{"taxonomy":"category","embeddable":true,"href":"https:\/\/prensapresidencialvenezuela.gob.ve\/index.php\/wp-json\/wp\/v2\/categories?post=1963"},{"taxonomy":"post_tag","embeddable":true,"href":"https:\/\/prensapresidencialvenezuela.gob.ve\/index.php\/wp-json\/wp\/v2\/tags?post=1963"}],"curies":[{"name":"wp","href":"https:\/\/api.w.org\/{rel}","templated":true}]}}