{"id":19702,"date":"2025-05-09T05:02:24","date_gmt":"2025-05-09T09:02:24","guid":{"rendered":"https:\/\/prensapresidencialvenezuela.gob.ve\/?p=19702"},"modified":"2025-05-09T18:22:14","modified_gmt":"2025-05-09T22:22:14","slug":"presidente-maduro-acompana-a-rusia-en-desfile-militar-por-80-aniversario-del-dia-de-la-victoria-sobre-el-fascismo","status":"publish","type":"post","link":"https:\/\/prensapresidencialvenezuela.gob.ve\/index.php\/2025\/05\/09\/presidente-maduro-acompana-a-rusia-en-desfile-militar-por-80-aniversario-del-dia-de-la-victoria-sobre-el-fascismo\/","title":{"rendered":"Presidente Maduro acompa\u00f1a a Rusia en desfile militar por 80\u00b0 aniversario del D\u00eda de la Victoria sobre el fascismo"},"content":{"rendered":"\n<p>Mosc\u00fa, Federaci\u00f3n de Rusia. \u2013 El presidente de la Rep\u00fablica Bolivariana de Venezuela, Nicol\u00e1s Maduro, y la Primera Dama, Cilia Flores, llegaron este viernes al majestuoso Gran Palacio del Kremlin para participar, como invitados especiales, en el desfile que conmemora el 80\u00b0 aniversario del D\u00eda de la Victoria sobre el fascismo.<\/p>\n\n\n\n<p>Este evento, que tuvo lugar en la emblem\u00e1tica Plaza Roja de Mosc\u00fa, reuni\u00f3 al menos 29 jefes de Estado, entre ellos Miguel D\u00edaz-Canel de Cuba, Luiz In\u00e1cio Lula da Silva de Brasil y Xi Jinping de China.<\/p>\n\n\n\n<p>M\u00e1s de 10 mil soldados rusos marcharon con orgullo, junto a sus hom\u00f3logos de 13 pa\u00edses, incluida una destacada Guardia de Honor de China.<\/p>\n\n\n\n<p>Esta es la segunda ocasi\u00f3n en que el presidente Nicol\u00e1s Maduro se uni\u00f3 a las conmemoraciones del D\u00eda de la Victoria, un s\u00edmbolo de resistencia y luchas compartidas que record\u00f3 la victoria sobre el nazismo en 1945, un hecho de gran significado no solo para el pueblo ruso, sino para la humanidad entera.<\/p>\n\n\n\n<figure class=\"wp-block-gallery has-nested-images columns-default is-cropped wp-block-gallery-1 is-layout-flex wp-block-gallery-is-layout-flex\">\n<figure class=\"wp-block-image size-large\"><img fetchpriority=\"high\" decoding=\"async\" width=\"1024\" height=\"729\" data-id=\"19721\" src=\"https:\/\/prensapresidencialvenezuela.gob.ve\/wp-content\/uploads\/2025\/05\/02EG_L8851_P-1024x729.jpg\" alt=\"\" class=\"wp-image-19721\" srcset=\"https:\/\/prensapresidencialvenezuela.gob.ve\/wp-content\/uploads\/2025\/05\/02EG_L8851_P-1024x729.jpg 1024w, https:\/\/prensapresidencialvenezuela.gob.ve\/wp-content\/uploads\/2025\/05\/02EG_L8851_P-300x214.jpg 300w, https:\/\/prensapresidencialvenezuela.gob.ve\/wp-content\/uploads\/2025\/05\/02EG_L8851_P-768x547.jpg 768w, https:\/\/prensapresidencialvenezuela.gob.ve\/wp-content\/uploads\/2025\/05\/02EG_L8851_P-1536x1094.jpg 1536w, https:\/\/prensapresidencialvenezuela.gob.ve\/wp-content\/uploads\/2025\/05\/02EG_L8851_P-2048x1458.jpg 2048w\" sizes=\"(max-width: 1024px) 100vw, 1024px\" \/><\/figure>\n<\/figure>\n\n\n\n<p>Una visita de cooperaci\u00f3n y solidaridad<\/p>\n\n\n\n<p>Durante su visita oficial de tres d\u00edas en Mosc\u00fa, el Mandatario venezolano sostuvo una intensa agenda de reuniones que subray\u00f3 la hermandad y cooperaci\u00f3n entre naciones. La participaci\u00f3n de Venezuela en este evento no fue \u00fanicamente un acto protocolar, sino una reafirmaci\u00f3n de los lazos hist\u00f3ricos y de solidaridad que unieron a ambos pueblos en su lucha contra el imperialismo y el fascismo.<\/p>\n\n\n\n<p>Desde la capital rusa, el presidente Maduro destac\u00f3 la valent\u00eda y la resistencia de los pueblos que conformaron la Uni\u00f3n Sovi\u00e9tica, recordando c\u00f3mo sus hombres y mujeres liberaron a Europa y salvaron a la humanidad del horror del nazismo.<\/p>\n\n\n\n<p>\u201cEuropa debe su gratitud al Ej\u00e9rcito Rojo de la Uni\u00f3n Sovi\u00e9tica, que los liber\u00f3 del nazifascismo, abriendo as\u00ed las puertas de la libertad despu\u00e9s de la devastaci\u00f3n de los campos de concentraci\u00f3n, donde murieron m\u00e1s de seis millones de hermanos y hermanas jud\u00edos\u201d, afirm\u00f3 el jefe de Estado. Adem\u00e1s, a\u00f1adi\u00f3 que esta victoria \u201csent\u00f3 las bases del derecho internacional y propici\u00f3 la creaci\u00f3n de la Organizaci\u00f3n de Naciones Unidas\u201d.<\/p>\n\n\n\n<p>En la jornada diplom\u00e1tica, acompa\u00f1aron al presidente Maduro la Primera Dama, Cilia Flores; el vicepresidente Sectorial de Soberan\u00eda Pol\u00edtica Seguridad y Paz, G\/J Vladimir Padrino L\u00f3pez y el canciller Yv\u00e1n Gil.<\/p>\n\n\n\n<figure class=\"wp-block-gallery has-nested-images columns-default is-cropped wp-block-gallery-2 is-layout-flex wp-block-gallery-is-layout-flex\">\n<figure class=\"wp-block-image size-large\"><img decoding=\"async\" width=\"1024\" height=\"646\" data-id=\"19722\" src=\"https:\/\/prensapresidencialvenezuela.gob.ve\/wp-content\/uploads\/2025\/05\/4967928456297950865-1-1024x646.jpg\" alt=\"\" class=\"wp-image-19722\" srcset=\"https:\/\/prensapresidencialvenezuela.gob.ve\/wp-content\/uploads\/2025\/05\/4967928456297950865-1-1024x646.jpg 1024w, https:\/\/prensapresidencialvenezuela.gob.ve\/wp-content\/uploads\/2025\/05\/4967928456297950865-1-300x189.jpg 300w, https:\/\/prensapresidencialvenezuela.gob.ve\/wp-content\/uploads\/2025\/05\/4967928456297950865-1-768x484.jpg 768w, https:\/\/prensapresidencialvenezuela.gob.ve\/wp-content\/uploads\/2025\/05\/4967928456297950865-1.jpg 1280w\" sizes=\"(max-width: 1024px) 100vw, 1024px\" \/><\/figure>\n<\/figure>\n\n\n\n<p>La relevancia hist\u00f3rica de la victoria<br>En una entrevista exclusiva para Prensa Presidencial, el embajador extraordinario y plenipotenciario de Rusia en Venezuela, Sergey M\u00e9lik-Bagdas\u00e1rov, destac\u00f3 la trascendencia de las conmemoraciones.<\/p>\n\n\n\n<p>\u201cTodo el mundo conoce las p\u00e9rdidas de la Uni\u00f3n Sovi\u00e9tica, que suman casi 27 millones de vidas humanas; no es poca cosa. Nicol\u00e1s Maduro, al unirse a estas jornadas junto al presidente Putin, no solo mostr\u00f3 una profunda amistad entre ambos l\u00edderes, sino tambi\u00e9n un compromiso compartido de mantener viva la memoria hist\u00f3rica y honrar a quienes sacrificaron sus vidas por la libertad\u201d, apunt\u00f3 el embajador.<\/p>\n\n\n\n<p>El diplom\u00e1tico resalt\u00f3 el esfuerzo del presidente Maduro por poner en primer plano la lucha contra el fascismo en el escenario internacional, subrayando:<\/p>\n\n\n\n<figure class=\"wp-block-gallery has-nested-images columns-default is-cropped wp-block-gallery-3 is-layout-flex wp-block-gallery-is-layout-flex\">\n<figure class=\"wp-block-image size-large\"><img decoding=\"async\" width=\"1024\" height=\"682\" data-id=\"19723\" src=\"https:\/\/prensapresidencialvenezuela.gob.ve\/wp-content\/uploads\/2025\/05\/4967581040688344357-1024x682.jpg\" alt=\"\" class=\"wp-image-19723\" srcset=\"https:\/\/prensapresidencialvenezuela.gob.ve\/wp-content\/uploads\/2025\/05\/4967581040688344357-1024x682.jpg 1024w, https:\/\/prensapresidencialvenezuela.gob.ve\/wp-content\/uploads\/2025\/05\/4967581040688344357-300x200.jpg 300w, https:\/\/prensapresidencialvenezuela.gob.ve\/wp-content\/uploads\/2025\/05\/4967581040688344357-768x512.jpg 768w, https:\/\/prensapresidencialvenezuela.gob.ve\/wp-content\/uploads\/2025\/05\/4967581040688344357.jpg 1280w\" sizes=\"(max-width: 1024px) 100vw, 1024px\" \/><\/figure>\n<\/figure>\n\n\n\n<p>\u201cHist\u00f3ricamente, Rusia ha sido un pa\u00eds que ha planteado este tema a la comunidad mundial, y bajo la direcci\u00f3n de Maduro, Caracas se convirti\u00f3 en un verdadero centro de liderazgo en esta lucha en la regi\u00f3n\u201d.<br>En una fecha tan significativa para la humanidad, Venezuela tambi\u00e9n realiz\u00f3 una serie de actos conmemorativos en honor a los 80 a\u00f1os de la victoria sobre el nazismo.<\/p>\n\n\n\n<p>\u201cNunca olvidar\u00e9 el momento en que el presidente Maduro anunci\u00f3 la participaci\u00f3n de Venezuela. Fue un momento de gran emoci\u00f3n; su compromiso de celebrar y levantar las banderas nos llen\u00f3 de esperanza y fortaleza\u201d, concluy\u00f3 el embajador.<\/p>\n\n\n\n<p>Finalmente, como dato hist\u00f3rico, la Gran Guerra Patria, t\u00e9rmino utilizado en Rusia para referirse al conflicto iniciado con la invasi\u00f3n nazi el 22 de junio de 1941, culmin\u00f3 despu\u00e9s de 1,418 d\u00edas de lucha, con la rendici\u00f3n incondicional de la Alemania nazi en Berl\u00edn, el 9 de mayo de 1945.<\/p>\n\n\n\n<p>Prensa Presidencial <\/p>\n\n\n\n<p><\/p>\n","protected":false},"excerpt":{"rendered":"<p>Mosc\u00fa, Federaci\u00f3n de Rusia. \u2013 El presidente de la Rep\u00fablica Bolivariana de Venezuela, Nicol\u00e1s Maduro, y la Primera Dama, Cilia Flores, llegaron este viernes al majestuoso Gran Palacio del Kremlin para participar, como invitados especiales, en el desfile que conmemora el 80\u00b0 aniversario del D\u00eda de la Victoria sobre el fascismo. Este evento, que tuvo [&hellip;]<\/p>\n","protected":false},"author":1,"featured_media":19718,"comment_status":"open","ping_status":"open","sticky":false,"template":"","format":"standard","meta":{"footnotes":""},"categories":[18,7],"tags":[],"class_list":["post-19702","post","type-post","status-publish","format-standard","has-post-thumbnail","hentry","category-noticias-principales","category-notas-de-prensa"],"_links":{"self":[{"href":"https:\/\/prensapresidencialvenezuela.gob.ve\/index.php\/wp-json\/wp\/v2\/posts\/19702","targetHints":{"allow":["GET"]}}],"collection":[{"href":"https:\/\/prensapresidencialvenezuela.gob.ve\/index.php\/wp-json\/wp\/v2\/posts"}],"about":[{"href":"https:\/\/prensapresidencialvenezuela.gob.ve\/index.php\/wp-json\/wp\/v2\/types\/post"}],"author":[{"embeddable":true,"href":"https:\/\/prensapresidencialvenezuela.gob.ve\/index.php\/wp-json\/wp\/v2\/users\/1"}],"replies":[{"embeddable":true,"href":"https:\/\/prensapresidencialvenezuela.gob.ve\/index.php\/wp-json\/wp\/v2\/comments?post=19702"}],"version-history":[{"count":3,"href":"https:\/\/prensapresidencialvenezuela.gob.ve\/index.php\/wp-json\/wp\/v2\/posts\/19702\/revisions"}],"predecessor-version":[{"id":19724,"href":"https:\/\/prensapresidencialvenezuela.gob.ve\/index.php\/wp-json\/wp\/v2\/posts\/19702\/revisions\/19724"}],"wp:featuredmedia":[{"embeddable":true,"href":"https:\/\/prensapresidencialvenezuela.gob.ve\/index.php\/wp-json\/wp\/v2\/media\/19718"}],"wp:attachment":[{"href":"https:\/\/prensapresidencialvenezuela.gob.ve\/index.php\/wp-json\/wp\/v2\/media?parent=19702"}],"wp:term":[{"taxonomy":"category","embeddable":true,"href":"https:\/\/prensapresidencialvenezuela.gob.ve\/index.php\/wp-json\/wp\/v2\/categories?post=19702"},{"taxonomy":"post_tag","embeddable":true,"href":"https:\/\/prensapresidencialvenezuela.gob.ve\/index.php\/wp-json\/wp\/v2\/tags?post=19702"}],"curies":[{"name":"wp","href":"https:\/\/api.w.org\/{rel}","templated":true}]}}