{"id":19707,"date":"2025-05-09T15:14:23","date_gmt":"2025-05-09T19:14:23","guid":{"rendered":"https:\/\/prensapresidencialvenezuela.gob.ve\/?p=19707"},"modified":"2025-05-09T15:15:09","modified_gmt":"2025-05-09T19:15:09","slug":"lideres-mundiales-participaron-en-acto-solemne-con-ofrenda-floral-ante-la-tumba-del-soldado-desconocido","status":"publish","type":"post","link":"https:\/\/prensapresidencialvenezuela.gob.ve\/index.php\/2025\/05\/09\/lideres-mundiales-participaron-en-acto-solemne-con-ofrenda-floral-ante-la-tumba-del-soldado-desconocido\/","title":{"rendered":"L\u00edderes mundiales participaron en acto solemne con ofrenda floral ante la Tumba del Soldado Desconocido"},"content":{"rendered":"\n<p><strong>Mosc\u00fa, Federaci\u00f3n de Rusia.- <\/strong>El presidente de la Rep\u00fablica Bolivariana de Venezuela, Nicol\u00e1s Maduro, particip\u00f3 junto a representantes de m\u00e1s de 20 pa\u00edses en la emotiva ceremonia de ofrenda floral ante la Tumba del Soldado Desconocido. Un acto que resonar\u00e1 en la memoria colectiva de los pueblos.<\/p>\n\n\n\n<p>En un escenario cargado de simbolismo, realizado luego del cierre del majestuoso desfile en Mosc\u00fa, tuvo lugar esta tradici\u00f3n en la que los asistentes tambi\u00e9n llevan fotos de sus familiares que participaron en la guerra. \u00a0<\/p>\n\n\n\n<p>Con el eco de la historia flameando en cada rinc\u00f3n, el monumento que atestigua el sacrificio de quienes lucharon con valent\u00eda durante la Gran Guerra Patria. El sol, en el horizonte, ilumin\u00f3 el rostro decidido de los mandatarios que marchaban al un\u00edsono, guiados por la sonoridad vibrante de la orquesta militar.<\/p>\n\n\n\n<p>As\u00ed, los cadetes, con sus uniformes impecables, llenaron el aire con melod\u00edas que evocaban tanto la grandeza como el sacrificio, mientras las notas resonaban como un canto a la memoria y a la resistencia.<\/p>\n\n\n\n<p>El presidente Maduro, con un ramo de rosas rojas en la mano, se acerc\u00f3 a la imponente l\u00e1pida de granito que marca la tumba.<\/p>\n\n\n\n<figure class=\"wp-block-image size-large\"><img fetchpriority=\"high\" decoding=\"async\" width=\"1024\" height=\"682\" src=\"https:\/\/prensapresidencialvenezuela.gob.ve\/wp-content\/uploads\/2025\/05\/photo_4967581040688344386_y-1024x682.jpg\" alt=\"\" class=\"wp-image-19709\" srcset=\"https:\/\/prensapresidencialvenezuela.gob.ve\/wp-content\/uploads\/2025\/05\/photo_4967581040688344386_y-1024x682.jpg 1024w, https:\/\/prensapresidencialvenezuela.gob.ve\/wp-content\/uploads\/2025\/05\/photo_4967581040688344386_y-300x200.jpg 300w, https:\/\/prensapresidencialvenezuela.gob.ve\/wp-content\/uploads\/2025\/05\/photo_4967581040688344386_y-768x512.jpg 768w, https:\/\/prensapresidencialvenezuela.gob.ve\/wp-content\/uploads\/2025\/05\/photo_4967581040688344386_y.jpg 1280w\" sizes=\"(max-width: 1024px) 100vw, 1024px\" \/><\/figure>\n\n\n\n<p>A su lado, los\u00a0 presidentes de China Xi Jinping; por Cuba Miguel D\u00edaz-Canel; por Bielorrusia Aleksandr Lukashenko; entre otros mandatarios y el anfitri\u00f3n ruso Vladimir Putin, todos compartieron un instante de reflexi\u00f3n y respeto. Juntos, depositaron ofrendas florales, s\u00edmbolo de unidad y reconocimiento a aquellos que dieron su vida por la libertad.<\/p>\n\n\n\n<p>El monumento, inaugurado en 1967, es un testimonio eterno del hero\u00edsmo. En su inscripci\u00f3n resuena la frase: \u00abTu nombre es desconocido, tu haza\u00f1a es inmortal\u00bb, recordando a los valientes que se enfrentaron al nazifascismo alem\u00e1n.<\/p>\n\n\n\n<p>Cada palabra es un eco de gratitud y reverencia hacia aquellos que lucharon sin esperar reconocimiento, pero cuyo legado perdura en cada rinc\u00f3n de la patria.<\/p>\n\n\n\n<p>Cada paso dado por los presidentes resonaba con el peso del pasado y la esperanza del futuro.<\/p>\n\n\n\n<p>Mientras las flores eran colocadas con delicadeza alrededor de la llama eterna, una brisa suave acarici\u00f3 los rostros de los presentes, como si los esp\u00edritus de los ca\u00eddos estuvieran agradeciendo este gesto de honor.<\/p>\n\n\n\n<p>La atm\u00f3sfera estaba impregnada de solemnidad y orgullo, un recordatorio de que la lucha por la paz y la justicia nunca debe ser olvidada.<\/p>\n\n\n\n<p>La ceremonia concluy\u00f3 con los l\u00edderes y presidentes caminando hacia el Krenlim, mientras que los himnos, se escuchaban como un canto colectivo que celebraba no s\u00f3lo a los h\u00e9roes ca\u00eddos, sino tambi\u00e9n la fortaleza y unidad de los pueblos que contin\u00faan luchando por un mundo mejor.<\/p>\n\n\n\n<p><strong>Prensa Presidencial \/ Eduardo Hueck<\/strong><\/p>\n","protected":false},"excerpt":{"rendered":"<p>Mosc\u00fa, Federaci\u00f3n de Rusia.- El presidente de la Rep\u00fablica Bolivariana de Venezuela, Nicol\u00e1s Maduro, particip\u00f3 junto a representantes de m\u00e1s de 20 pa\u00edses en la emotiva ceremonia de ofrenda floral ante la Tumba del Soldado Desconocido. Un acto que resonar\u00e1 en la memoria colectiva de los pueblos. En un escenario cargado de simbolismo, realizado luego [&hellip;]<\/p>\n","protected":false},"author":1,"featured_media":19708,"comment_status":"open","ping_status":"open","sticky":false,"template":"","format":"standard","meta":{"footnotes":""},"categories":[18,7],"tags":[1384,1704,1712],"class_list":["post-19707","post","type-post","status-publish","format-standard","has-post-thumbnail","hentry","category-noticias-principales","category-notas-de-prensa","tag-lideres","tag-moscu","tag-ofrenda"],"_links":{"self":[{"href":"https:\/\/prensapresidencialvenezuela.gob.ve\/index.php\/wp-json\/wp\/v2\/posts\/19707","targetHints":{"allow":["GET"]}}],"collection":[{"href":"https:\/\/prensapresidencialvenezuela.gob.ve\/index.php\/wp-json\/wp\/v2\/posts"}],"about":[{"href":"https:\/\/prensapresidencialvenezuela.gob.ve\/index.php\/wp-json\/wp\/v2\/types\/post"}],"author":[{"embeddable":true,"href":"https:\/\/prensapresidencialvenezuela.gob.ve\/index.php\/wp-json\/wp\/v2\/users\/1"}],"replies":[{"embeddable":true,"href":"https:\/\/prensapresidencialvenezuela.gob.ve\/index.php\/wp-json\/wp\/v2\/comments?post=19707"}],"version-history":[{"count":1,"href":"https:\/\/prensapresidencialvenezuela.gob.ve\/index.php\/wp-json\/wp\/v2\/posts\/19707\/revisions"}],"predecessor-version":[{"id":19710,"href":"https:\/\/prensapresidencialvenezuela.gob.ve\/index.php\/wp-json\/wp\/v2\/posts\/19707\/revisions\/19710"}],"wp:featuredmedia":[{"embeddable":true,"href":"https:\/\/prensapresidencialvenezuela.gob.ve\/index.php\/wp-json\/wp\/v2\/media\/19708"}],"wp:attachment":[{"href":"https:\/\/prensapresidencialvenezuela.gob.ve\/index.php\/wp-json\/wp\/v2\/media?parent=19707"}],"wp:term":[{"taxonomy":"category","embeddable":true,"href":"https:\/\/prensapresidencialvenezuela.gob.ve\/index.php\/wp-json\/wp\/v2\/categories?post=19707"},{"taxonomy":"post_tag","embeddable":true,"href":"https:\/\/prensapresidencialvenezuela.gob.ve\/index.php\/wp-json\/wp\/v2\/tags?post=19707"}],"curies":[{"name":"wp","href":"https:\/\/api.w.org\/{rel}","templated":true}]}}