{"id":19711,"date":"2025-05-09T15:28:52","date_gmt":"2025-05-09T19:28:52","guid":{"rendered":"https:\/\/prensapresidencialvenezuela.gob.ve\/?p=19711"},"modified":"2025-05-09T15:28:53","modified_gmt":"2025-05-09T19:28:53","slug":"china-y-venezuela-refuerzan-votos-por-una-comunidad-de-destino-compartido","status":"publish","type":"post","link":"https:\/\/prensapresidencialvenezuela.gob.ve\/index.php\/2025\/05\/09\/china-y-venezuela-refuerzan-votos-por-una-comunidad-de-destino-compartido\/","title":{"rendered":"China y Venezuela refuerzan votos por una comunidad de destino compartido"},"content":{"rendered":"\n<p><strong>Mosc\u00fa, Federaci\u00f3n de Rusia.-<\/strong> A prop\u00f3sito de su asistencia a los actos conmemorativos por el 80\u00b0 aniversario del D\u00eda de la Victoria, el presidente de la Rep\u00fablica, Nicol\u00e1s Maduro, sostuvo un ameno encuentro con su par de la Rep\u00fablica Popular China, Xi Jinping, en la ciudad de Mosc\u00fa.<\/p>\n\n\n\n<p>La \u00faltima reuni\u00f3n entre ambas autoridades ocurri\u00f3 durante la XVI Cumbre de los BRICS, realizada en octubre pasado. En aquella oportunidad, reafirmaron la voluntad de mantener la marcha hacia una comunidad de destino compartido, donde exista una relaci\u00f3n de igualdad entre los pueblos.<\/p>\n\n\n\n<p>\u00abNos une una amistad de hierro, de acero y vamos a mantenernos siempre en contacto\u00bb, enfatiz\u00f3 el Jefe de Estado venezolano, el 23 de octubre de 2024.<\/p>\n\n\n\n<p>Desde el a\u00f1o 2023, Beijing y Caracas avanzan sobre una nueva etapa en su asociaci\u00f3n estrat\u00e9gica, denominada \u00aba todo tiempo y a toda prueba\u00bb, que ha fortalecido un s\u00f3lido frente com\u00fan ante la agresi\u00f3n sistem\u00e1tica de poderes hegem\u00f3nicos en decadencia.<\/p>\n\n\n\n<p>Recientemente, como parte de la agenda de cooperaci\u00f3n, Beijing y Caracas plantearon la necesidad de adaptar la Comisi\u00f3n Mixta de Alto Nivel (CIAN) a las 7 Transformaciones de Venezuela, iniciativa que se desprende de la reciente vista de la vicepresidenta de la Rep\u00fablica, Delcy Rodr\u00edguez, a la Rep\u00fablica Popular China.<\/p>\n\n\n\n<p>Las alianzas diplom\u00e1ticas entre China y Venezuela datan del a\u00f1o 1974. Sin embargo, a partir de 1999 cuando tomaron un car\u00e1cter estrat\u00e9gico en los planes de desarrollo de ambas naciones.<\/p>\n\n\n\n<p><strong>Prensa Presidencial \/ Eduardo Hueck<\/strong><\/p>\n","protected":false},"excerpt":{"rendered":"<p>Mosc\u00fa, Federaci\u00f3n de Rusia.- A prop\u00f3sito de su asistencia a los actos conmemorativos por el 80\u00b0 aniversario del D\u00eda de la Victoria, el presidente de la Rep\u00fablica, Nicol\u00e1s Maduro, sostuvo un ameno encuentro con su par de la Rep\u00fablica Popular China, Xi Jinping, en la ciudad de Mosc\u00fa. La \u00faltima reuni\u00f3n entre ambas autoridades ocurri\u00f3 [&hellip;]<\/p>\n","protected":false},"author":1,"featured_media":19712,"comment_status":"open","ping_status":"open","sticky":false,"template":"","format":"standard","meta":{"footnotes":""},"categories":[18,7],"tags":[31,1714,1713,20],"class_list":["post-19711","post","type-post","status-publish","format-standard","has-post-thumbnail","hentry","category-noticias-principales","category-notas-de-prensa","tag-china","tag-compartido","tag-destino","tag-venezuela"],"_links":{"self":[{"href":"https:\/\/prensapresidencialvenezuela.gob.ve\/index.php\/wp-json\/wp\/v2\/posts\/19711","targetHints":{"allow":["GET"]}}],"collection":[{"href":"https:\/\/prensapresidencialvenezuela.gob.ve\/index.php\/wp-json\/wp\/v2\/posts"}],"about":[{"href":"https:\/\/prensapresidencialvenezuela.gob.ve\/index.php\/wp-json\/wp\/v2\/types\/post"}],"author":[{"embeddable":true,"href":"https:\/\/prensapresidencialvenezuela.gob.ve\/index.php\/wp-json\/wp\/v2\/users\/1"}],"replies":[{"embeddable":true,"href":"https:\/\/prensapresidencialvenezuela.gob.ve\/index.php\/wp-json\/wp\/v2\/comments?post=19711"}],"version-history":[{"count":1,"href":"https:\/\/prensapresidencialvenezuela.gob.ve\/index.php\/wp-json\/wp\/v2\/posts\/19711\/revisions"}],"predecessor-version":[{"id":19713,"href":"https:\/\/prensapresidencialvenezuela.gob.ve\/index.php\/wp-json\/wp\/v2\/posts\/19711\/revisions\/19713"}],"wp:featuredmedia":[{"embeddable":true,"href":"https:\/\/prensapresidencialvenezuela.gob.ve\/index.php\/wp-json\/wp\/v2\/media\/19712"}],"wp:attachment":[{"href":"https:\/\/prensapresidencialvenezuela.gob.ve\/index.php\/wp-json\/wp\/v2\/media?parent=19711"}],"wp:term":[{"taxonomy":"category","embeddable":true,"href":"https:\/\/prensapresidencialvenezuela.gob.ve\/index.php\/wp-json\/wp\/v2\/categories?post=19711"},{"taxonomy":"post_tag","embeddable":true,"href":"https:\/\/prensapresidencialvenezuela.gob.ve\/index.php\/wp-json\/wp\/v2\/tags?post=19711"}],"curies":[{"name":"wp","href":"https:\/\/api.w.org\/{rel}","templated":true}]}}