{"id":19730,"date":"2025-05-09T20:05:23","date_gmt":"2025-05-10T00:05:23","guid":{"rendered":"https:\/\/prensapresidencialvenezuela.gob.ve\/?p=19730"},"modified":"2025-05-09T20:05:23","modified_gmt":"2025-05-10T00:05:23","slug":"venezuela-impulsa-con-china-el-fin-del-hegemonismo","status":"publish","type":"post","link":"https:\/\/prensapresidencialvenezuela.gob.ve\/index.php\/2025\/05\/09\/venezuela-impulsa-con-china-el-fin-del-hegemonismo\/","title":{"rendered":"Venezuela impulsa con China el fin del hegemonismo"},"content":{"rendered":"\n<p><strong>Mosc\u00fa, Federaci\u00f3n de Rusia.-\u00a0<\/strong> El presidente de la Rep\u00fablica Bolivariana de Venezuela, Nicol\u00e1s Maduro, destac\u00f3 la importancia de la relaci\u00f3n bilateral con la Rep\u00fablica Popular China durante una reciente conversaci\u00f3n con medios internacionales, luego de una reuni\u00f3n con su par chino, en Mosc\u00fa, Rusia.<\/p>\n\n\n\n<p>En sus declaraciones, el presidente Maduro no s\u00f3lo subray\u00f3 el car\u00e1cter estrat\u00e9gico de esta relaci\u00f3n, sino que tambi\u00e9n convoc\u00f3 a un futuro de cooperaci\u00f3n internacional en defensa de la libertad y la soberan\u00eda de los pueblos.<\/p>\n\n\n\n<p><strong>Una nueva etapa de hermandad<\/strong><\/p>\n\n\n\n<p>El Mandatario venezolano enfatiz\u00f3 la relevancia de fortalecer los lazos con China: \u201cHemos tenido varios contactos con el presidente Xi Jinping, y esta reuni\u00f3n es especial, junto a todo su equipo de trabajo y de gobierno, para ratificar un camino conjunto.\u201d<\/p>\n\n\n\n<p>En palabras del jefe de Estado, este v\u00ednculo se ha formalizado a trav\u00e9s de una asociaci\u00f3n estrat\u00e9gica que distingue a ambas naciones, con un enfoque en el desarrollo conjunto. EL Dignatario afirm\u00f3, \u201cDecidimos elevar nuestra relaci\u00f3n al m\u00e1ximo nivel mediante una asociaci\u00f3n estrat\u00e9gica para todos los momentos y a toda prueba.\u201d<\/p>\n\n\n\n<p><strong>\u00a0Avances en alta tecnolog\u00eda y agricultura<\/strong><\/p>\n\n\n\n<p>Luego de la visita a varias ciudades chinas en el a\u00f1o 2023, el presidente Maduro comparti\u00f3 la visi\u00f3n de proyectos y \u00e1reas de colaboraci\u00f3n, como la inteligencia artificial y la producci\u00f3n agroalimentaria.<\/p>\n\n\n\n<p>\u201cHoy estamos m\u00e1s fuertes que nunca, m\u00e1s unidos que nunca, con planes para el desarrollo emergente conjunto\u201d, resalt\u00f3, apuntando hacia una cooperaci\u00f3n que trasciende fronteras.<\/p>\n\n\n\n<p><strong>La lucha por la libertad y la igualdad<\/strong><\/p>\n\n\n\n<p>El Mandatario tambi\u00e9n se refiri\u00f3 a las deudas hist\u00f3ricas con la memoria de quienes lucharon contra el fascismo y el nazismo: \u201cNo queremos ser esclavos de nadie ni ser colonias.\u201d<\/p>\n\n\n\n<p>En el contexto de los 80 a\u00f1os de la victoria sobre el fascismo, el Presidente venezolano destac\u00f3 que \u201clos pueblos queremos libertad, igualdad y que se respete nuestro derecho a ser libres, soberanos e independientes.\u201d<\/p>\n\n\n\n<figure class=\"wp-block-image size-large\"><img fetchpriority=\"high\" decoding=\"async\" width=\"1024\" height=\"683\" src=\"https:\/\/prensapresidencialvenezuela.gob.ve\/wp-content\/uploads\/2025\/05\/14MG__1283-2_P-1-1024x683.jpg\" alt=\"\" class=\"wp-image-19733\" srcset=\"https:\/\/prensapresidencialvenezuela.gob.ve\/wp-content\/uploads\/2025\/05\/14MG__1283-2_P-1-1024x683.jpg 1024w, https:\/\/prensapresidencialvenezuela.gob.ve\/wp-content\/uploads\/2025\/05\/14MG__1283-2_P-1-300x200.jpg 300w, https:\/\/prensapresidencialvenezuela.gob.ve\/wp-content\/uploads\/2025\/05\/14MG__1283-2_P-1-768x512.jpg 768w, https:\/\/prensapresidencialvenezuela.gob.ve\/wp-content\/uploads\/2025\/05\/14MG__1283-2_P-1-1536x1024.jpg 1536w, https:\/\/prensapresidencialvenezuela.gob.ve\/wp-content\/uploads\/2025\/05\/14MG__1283-2_P-1-2048x1365.jpg 2048w\" sizes=\"(max-width: 1024px) 100vw, 1024px\" \/><\/figure>\n\n\n\n<p><strong>\u00a0La comunidad de destino compartido<\/strong><\/p>\n\n\n\n<p>La visi\u00f3n de un mundo multipolar fue otro pilar en la declaraci\u00f3n del jefe de Estado. El Presidente cit\u00f3 al Libertador\u00a0 Sim\u00f3n Bol\u00edvar y al Comandante Eterno Hugo Ch\u00e1vez para ilustrar su perspectiva:<\/p>\n\n\n\n<p>\u201cEl Libertador Sim\u00f3n Bol\u00edvar hablaba de construir el equilibrio del mundo, lo cual cuadra perfectamente con la visi\u00f3n del presidente Xi Jinping.\u201d<\/p>\n\n\n\n<p>En este sentido, el Mandatario enfatiz\u00f3 la necesidad de un esfuerzo global por construir una comunidad de destino compartido que respete las aspiraciones de todo el Sur Global.<\/p>\n\n\n\n<p><strong>China: 80 a\u00f1os de la Gran Victoria contra el militarismo<\/strong><\/p>\n\n\n\n<p>En respuesta a preguntas sobre el papel hist\u00f3rico en la derrota contra el militarismo japon\u00e9s, el Dignatario afirm\u00f3: \u201cChina celebrar\u00e1 los 80 a\u00f1os de la gran victoria contra el militarismo, contra el intento de esclavizar, colonizar, dividir y destruir a China. Ese esp\u00edritu del pueblo chino se demostr\u00f3 al vencer ese intento militarista japon\u00e9s y continuar la larga marcha que culmin\u00f3 el 1 de octubre de 1949 con la fundaci\u00f3n de la Rep\u00fablica Popular China.\u201d<\/p>\n\n\n\n<p>\u201cCada pueblo, cada regi\u00f3n y cada cultura tiene su identidad y su propio camino.\u201d El Mandatario inst\u00f3 a que se acabe el hegemonismo y que cada naci\u00f3n tenga el derecho a su propio desarrollo, rechazando la imposici\u00f3n de un modelo \u00fanico promovido por las potencias occidentales.<\/p>\n\n\n\n<p>Finalizando su discurso, el presidente Maduro proclam\u00f3 el compromiso de Venezuela con la construcci\u00f3n de un futuro de libertad y dignidad: \u201cLa Rep\u00fablica Bolivariana de Venezuela considera a la Rep\u00fablica Popular China como sus hermanos mayores, y caminamos juntos hacia una nueva humanidad.\u201d<\/p>\n\n\n\n<p>Esta declaraci\u00f3n desde Mosc\u00fa destaca la constante evoluci\u00f3n de las relaciones internacionales en un entorno que busca desafiar las narrativas hegem\u00f3nicas y defender la soberan\u00eda de los pueblos.<\/p>\n\n\n\n<p><strong>Prensa Presidencial\/ Luis Tavera<\/strong><\/p>\n","protected":false},"excerpt":{"rendered":"<p>Mosc\u00fa, Federaci\u00f3n de Rusia.-\u00a0 El presidente de la Rep\u00fablica Bolivariana de Venezuela, Nicol\u00e1s Maduro, destac\u00f3 la importancia de la relaci\u00f3n bilateral con la Rep\u00fablica Popular China durante una reciente conversaci\u00f3n con medios internacionales, luego de una reuni\u00f3n con su par chino, en Mosc\u00fa, Rusia. En sus declaraciones, el presidente Maduro no s\u00f3lo subray\u00f3 el car\u00e1cter [&hellip;]<\/p>\n","protected":false},"author":1,"featured_media":19731,"comment_status":"open","ping_status":"open","sticky":false,"template":"","format":"standard","meta":{"footnotes":""},"categories":[18,7],"tags":[],"class_list":["post-19730","post","type-post","status-publish","format-standard","has-post-thumbnail","hentry","category-noticias-principales","category-notas-de-prensa"],"_links":{"self":[{"href":"https:\/\/prensapresidencialvenezuela.gob.ve\/index.php\/wp-json\/wp\/v2\/posts\/19730","targetHints":{"allow":["GET"]}}],"collection":[{"href":"https:\/\/prensapresidencialvenezuela.gob.ve\/index.php\/wp-json\/wp\/v2\/posts"}],"about":[{"href":"https:\/\/prensapresidencialvenezuela.gob.ve\/index.php\/wp-json\/wp\/v2\/types\/post"}],"author":[{"embeddable":true,"href":"https:\/\/prensapresidencialvenezuela.gob.ve\/index.php\/wp-json\/wp\/v2\/users\/1"}],"replies":[{"embeddable":true,"href":"https:\/\/prensapresidencialvenezuela.gob.ve\/index.php\/wp-json\/wp\/v2\/comments?post=19730"}],"version-history":[{"count":1,"href":"https:\/\/prensapresidencialvenezuela.gob.ve\/index.php\/wp-json\/wp\/v2\/posts\/19730\/revisions"}],"predecessor-version":[{"id":19734,"href":"https:\/\/prensapresidencialvenezuela.gob.ve\/index.php\/wp-json\/wp\/v2\/posts\/19730\/revisions\/19734"}],"wp:featuredmedia":[{"embeddable":true,"href":"https:\/\/prensapresidencialvenezuela.gob.ve\/index.php\/wp-json\/wp\/v2\/media\/19731"}],"wp:attachment":[{"href":"https:\/\/prensapresidencialvenezuela.gob.ve\/index.php\/wp-json\/wp\/v2\/media?parent=19730"}],"wp:term":[{"taxonomy":"category","embeddable":true,"href":"https:\/\/prensapresidencialvenezuela.gob.ve\/index.php\/wp-json\/wp\/v2\/categories?post=19730"},{"taxonomy":"post_tag","embeddable":true,"href":"https:\/\/prensapresidencialvenezuela.gob.ve\/index.php\/wp-json\/wp\/v2\/tags?post=19730"}],"curies":[{"name":"wp","href":"https:\/\/api.w.org\/{rel}","templated":true}]}}