{"id":19735,"date":"2025-05-09T21:18:39","date_gmt":"2025-05-10T01:18:39","guid":{"rendered":"https:\/\/prensapresidencialvenezuela.gob.ve\/?p=19735"},"modified":"2025-05-09T21:18:40","modified_gmt":"2025-05-10T01:18:40","slug":"jefe-de-estado-presencio-en-primera-fila-el-imponente-desfile-militar-en-la-plaza-roja","status":"publish","type":"post","link":"https:\/\/prensapresidencialvenezuela.gob.ve\/index.php\/2025\/05\/09\/jefe-de-estado-presencio-en-primera-fila-el-imponente-desfile-militar-en-la-plaza-roja\/","title":{"rendered":"Jefe de Estado presenci\u00f3 en primera fila el imponente desfile militar en la Plaza Roja"},"content":{"rendered":"\n<p><strong>Mosc\u00fa, Federaci\u00f3n de Rusia.-<\/strong> \u00a0El presidente de la Rep\u00fablica Bolivariana de Venezuela, Nicol\u00e1s Maduro, ocup\u00f3 un lugar destacado en el palco especial para l\u00edderes mundiales en el monumental desfile militar por el 80\u00b0 aniversario del D\u00eda de la Victoria sobre el fascismo, celebrado en la ic\u00f3nica Plaza Roja de Mosc\u00fa.+<\/p>\n\n\n\n<p>Este evento, que reuni\u00f3 a miles de soldados rusos y delegaciones de varios pa\u00edses, reafirm\u00f3 la importancia de la historia y la unidad en la lucha contra el extremismo.<\/p>\n\n\n\n<p><strong>La presencia de Venezuela en un momento hist\u00f3rico<\/strong><\/p>\n\n\n\n<p>El presidente Maduro, quien asisti\u00f3 a esta conmemoraci\u00f3n con una delegaci\u00f3n de m\u00e1s de diez mil compatriotas, expres\u00f3 su admiraci\u00f3n por la impresionante demostraci\u00f3n de poder y solemnidad del evento. A trav\u00e9s de su canal de Telegram, el Mandatario destac\u00f3:<\/p>\n\n\n\n<p>\u00a0\u201cVenezuela se hace presente en tan emblem\u00e1tica conmemoraci\u00f3n. \u00a1Rusia es invencible!\u201d<\/p>\n\n\n\n<figure class=\"wp-block-gallery has-nested-images columns-default is-cropped wp-block-gallery-1 is-layout-flex wp-block-gallery-is-layout-flex\">\n<figure class=\"wp-block-image size-large\"><img fetchpriority=\"high\" decoding=\"async\" width=\"1024\" height=\"682\" data-id=\"19737\" src=\"https:\/\/prensapresidencialvenezuela.gob.ve\/wp-content\/uploads\/2025\/05\/4967581040688344371-1-1024x682.jpg\" alt=\"\" class=\"wp-image-19737\" srcset=\"https:\/\/prensapresidencialvenezuela.gob.ve\/wp-content\/uploads\/2025\/05\/4967581040688344371-1-1024x682.jpg 1024w, https:\/\/prensapresidencialvenezuela.gob.ve\/wp-content\/uploads\/2025\/05\/4967581040688344371-1-300x200.jpg 300w, https:\/\/prensapresidencialvenezuela.gob.ve\/wp-content\/uploads\/2025\/05\/4967581040688344371-1-768x512.jpg 768w, https:\/\/prensapresidencialvenezuela.gob.ve\/wp-content\/uploads\/2025\/05\/4967581040688344371-1.jpg 1280w\" sizes=\"(max-width: 1024px) 100vw, 1024px\" \/><\/figure>\n<\/figure>\n\n\n\n<p>El jefe de Esatdo venezolano comparti\u00f3 fotograf\u00edas que rememoran el homenaje a los m\u00e1rtires de la Gran Guerra Patria, destacando la ofrenda floral colocada ante la Tumba del Soldado Desconocido, un momento de profunda reflexi\u00f3n y respeto por aquellos que dieron su vida en la lucha contra el fascismo.<\/p>\n\n\n\n<p><strong>Mensaje de unidad y respeto<\/strong><\/p>\n\n\n\n<p>El Dignatario comparti\u00f3 unas emotivas palabras en sus redes sociales: \u201cImpresionante e imponente desfile militar en la Plaza Roja de Mosc\u00fa con motivo del 80\u00b0 aniversario de la Victoria en la Gran Guerra Patria. \u00a1Honor y Gloria Eterna a nuestros h\u00e9roes!\u201d<\/p>\n\n\n\n<p>Asimismo, el Mandatario venezolano extendi\u00f3 sus felicitaciones al presidente Vlad\u00edmir Putin y al pueblo ruso, enfatizando la significancia del evento al conmemorar la victoria del Ej\u00e9rcito Rojo sobre el nazifascismo. \u201cHemos presenciado un desfile militar de alto nivel, al cumplirse 80 a\u00f1os de esta hist\u00f3rica victoria\u201d, a\u00f1adi\u00f3.<\/p>\n\n\n\n<figure class=\"wp-block-gallery has-nested-images columns-default is-cropped wp-block-gallery-2 is-layout-flex wp-block-gallery-is-layout-flex\">\n<figure class=\"wp-block-image size-large\"><img decoding=\"async\" width=\"754\" height=\"1024\" data-id=\"19738\" src=\"https:\/\/prensapresidencialvenezuela.gob.ve\/wp-content\/uploads\/2025\/05\/4967928456297950871-754x1024.jpg\" alt=\"\" class=\"wp-image-19738\" srcset=\"https:\/\/prensapresidencialvenezuela.gob.ve\/wp-content\/uploads\/2025\/05\/4967928456297950871-754x1024.jpg 754w, https:\/\/prensapresidencialvenezuela.gob.ve\/wp-content\/uploads\/2025\/05\/4967928456297950871-221x300.jpg 221w, https:\/\/prensapresidencialvenezuela.gob.ve\/wp-content\/uploads\/2025\/05\/4967928456297950871-768x1044.jpg 768w, https:\/\/prensapresidencialvenezuela.gob.ve\/wp-content\/uploads\/2025\/05\/4967928456297950871.jpg 942w\" sizes=\"(max-width: 754px) 100vw, 754px\" \/><\/figure>\n<\/figure>\n\n\n\n<p><strong>Celebrando la unidad internacional<\/strong><\/p>\n\n\n\n<p>El desfile no s\u00f3lo mostr\u00f3 la fuerza del ej\u00e9rcito ruso, con la participaci\u00f3n de m\u00e1s de 11 mil \u00a0soldados, sino que tambi\u00e9n resalt\u00f3 la colaboraci\u00f3n internacional. Delegaciones de 13 pa\u00edses, incluidos Vietnam, Egipto y China, se unieron a este acto, subrayando la cohesi\u00f3n entre naciones que comparten ideales de resistencia y soberan\u00eda.<\/p>\n\n\n\n<figure class=\"wp-block-gallery has-nested-images columns-default is-cropped wp-block-gallery-3 is-layout-flex wp-block-gallery-is-layout-flex\">\n<figure class=\"wp-block-image size-large\"><img decoding=\"async\" width=\"1024\" height=\"682\" data-id=\"19739\" src=\"https:\/\/prensapresidencialvenezuela.gob.ve\/wp-content\/uploads\/2025\/05\/4967581040688344370-1024x682.jpg\" alt=\"\" class=\"wp-image-19739\" srcset=\"https:\/\/prensapresidencialvenezuela.gob.ve\/wp-content\/uploads\/2025\/05\/4967581040688344370-1024x682.jpg 1024w, https:\/\/prensapresidencialvenezuela.gob.ve\/wp-content\/uploads\/2025\/05\/4967581040688344370-300x200.jpg 300w, https:\/\/prensapresidencialvenezuela.gob.ve\/wp-content\/uploads\/2025\/05\/4967581040688344370-768x512.jpg 768w, https:\/\/prensapresidencialvenezuela.gob.ve\/wp-content\/uploads\/2025\/05\/4967581040688344370.jpg 1280w\" sizes=\"(max-width: 1024px) 100vw, 1024px\" \/><\/figure>\n<\/figure>\n\n\n\n<p>La presencia del presidente Nicol\u00e1s Maduro en este evento fue \u00a0recibida con aplausos por parte del pueblo ruso, lo que reflej\u00f3 el reconocimiento y la importancia de las relaciones diplom\u00e1ticas en tiempos de desaf\u00edos globales.<\/p>\n\n\n\n<p>Mientras el desfile culminaba, se sent\u00f3 la promesa de un futuro en el que la unidad y la fortaleza compartida seguir\u00e1n guiando a las naciones amigas hacia la paz y la prosperidad.<\/p>\n\n\n\n<p><strong>Prensa Presidencial\/ Luis Tavera<\/strong><\/p>\n","protected":false},"excerpt":{"rendered":"<p>Mosc\u00fa, Federaci\u00f3n de Rusia.- \u00a0El presidente de la Rep\u00fablica Bolivariana de Venezuela, Nicol\u00e1s Maduro, ocup\u00f3 un lugar destacado en el palco especial para l\u00edderes mundiales en el monumental desfile militar por el 80\u00b0 aniversario del D\u00eda de la Victoria sobre el fascismo, celebrado en la ic\u00f3nica Plaza Roja de Mosc\u00fa.+ Este evento, que reuni\u00f3 a [&hellip;]<\/p>\n","protected":false},"author":1,"featured_media":19736,"comment_status":"open","ping_status":"open","sticky":false,"template":"","format":"standard","meta":{"footnotes":""},"categories":[18,7],"tags":[],"class_list":["post-19735","post","type-post","status-publish","format-standard","has-post-thumbnail","hentry","category-noticias-principales","category-notas-de-prensa"],"_links":{"self":[{"href":"https:\/\/prensapresidencialvenezuela.gob.ve\/index.php\/wp-json\/wp\/v2\/posts\/19735","targetHints":{"allow":["GET"]}}],"collection":[{"href":"https:\/\/prensapresidencialvenezuela.gob.ve\/index.php\/wp-json\/wp\/v2\/posts"}],"about":[{"href":"https:\/\/prensapresidencialvenezuela.gob.ve\/index.php\/wp-json\/wp\/v2\/types\/post"}],"author":[{"embeddable":true,"href":"https:\/\/prensapresidencialvenezuela.gob.ve\/index.php\/wp-json\/wp\/v2\/users\/1"}],"replies":[{"embeddable":true,"href":"https:\/\/prensapresidencialvenezuela.gob.ve\/index.php\/wp-json\/wp\/v2\/comments?post=19735"}],"version-history":[{"count":1,"href":"https:\/\/prensapresidencialvenezuela.gob.ve\/index.php\/wp-json\/wp\/v2\/posts\/19735\/revisions"}],"predecessor-version":[{"id":19740,"href":"https:\/\/prensapresidencialvenezuela.gob.ve\/index.php\/wp-json\/wp\/v2\/posts\/19735\/revisions\/19740"}],"wp:featuredmedia":[{"embeddable":true,"href":"https:\/\/prensapresidencialvenezuela.gob.ve\/index.php\/wp-json\/wp\/v2\/media\/19736"}],"wp:attachment":[{"href":"https:\/\/prensapresidencialvenezuela.gob.ve\/index.php\/wp-json\/wp\/v2\/media?parent=19735"}],"wp:term":[{"taxonomy":"category","embeddable":true,"href":"https:\/\/prensapresidencialvenezuela.gob.ve\/index.php\/wp-json\/wp\/v2\/categories?post=19735"},{"taxonomy":"post_tag","embeddable":true,"href":"https:\/\/prensapresidencialvenezuela.gob.ve\/index.php\/wp-json\/wp\/v2\/tags?post=19735"}],"curies":[{"name":"wp","href":"https:\/\/api.w.org\/{rel}","templated":true}]}}