{"id":1993,"date":"2022-05-20T15:45:00","date_gmt":"2022-05-20T15:45:00","guid":{"rendered":"http:\/\/172.27.0.121\/?p=1993"},"modified":"2022-07-01T15:49:00","modified_gmt":"2022-07-01T15:49:00","slug":"puesto-de-comando-garantizara-atencion-ciudadana","status":"publish","type":"post","link":"https:\/\/prensapresidencialvenezuela.gob.ve\/index.php\/2022\/05\/20\/puesto-de-comando-garantizara-atencion-ciudadana\/","title":{"rendered":"Puesto de Comando garantizar\u00e1 atenci\u00f3n ciudadana"},"content":{"rendered":"\n<p><strong>La Rinconada, Caracas.-<\/strong> Bajo la premisa de profundizar la comunicaci\u00f3n directa con el pueblo, Puestos de Comando operar\u00e1n a escala nacional, estadal y regional para brindar soluciones efectivas a las demandas de las comunidades.<\/p>\n\n\n\n<p>En voz del presidente de la Rep\u00fablica, Nicol\u00e1s Maduro, a partir de una estructura organizativa y de mando, los Puestos de Comando ser\u00e1n la v\u00eda para \u00abir a la soluci\u00f3n de problemas y, en caso de que hayan asuntos que no puedan resolverse de manera inmediata, darle respuesta a la gente\u00bb.<\/p>\n\n\n\n<p>Desde el Poliedro de Caracas, ubicado en La Rinconada, orden\u00f3 a ministros, Alto Mando Militar y diputados a \u00abponerse a las \u00f3rdenes 24 horas del d\u00eda para la soluci\u00f3n y atenci\u00f3n de los problemas del pueblo<\/p>\n\n\n\n<p>El primer Puesto de Comando funcionar\u00e1 en el Palacio de Miraflores, en Caracas, cuyo accionar estar\u00e1 acompa\u00f1ado de la uni\u00f3n c\u00edvico-militar-policial.<\/p>\n\n\n\n<p>La instalaci\u00f3n de Puestos de Comando se suscribe en el 1\u00d710 del Buen Gobierno, que tendr\u00e1 como prioridades los servicios p\u00fablicos, la educaci\u00f3n y la salud.<\/p>\n\n\n\n<p><strong>Prensa Presidencial\/Karelis Gonz\u00e1lez<\/strong><\/p>\n","protected":false},"excerpt":{"rendered":"<p>La Rinconada, Caracas.- Bajo la premisa de profundizar la comunicaci\u00f3n directa con el pueblo, Puestos de Comando operar\u00e1n a escala nacional, estadal y regional para brindar soluciones efectivas a las demandas de las comunidades. En voz del presidente de la Rep\u00fablica, Nicol\u00e1s Maduro, a partir de una estructura organizativa y de mando, los Puestos de [&hellip;]<\/p>\n","protected":false},"author":6,"featured_media":1994,"comment_status":"open","ping_status":"open","sticky":false,"template":"","format":"standard","meta":{"footnotes":""},"categories":[7],"tags":[],"class_list":["post-1993","post","type-post","status-publish","format-standard","has-post-thumbnail","hentry","category-notas-de-prensa"],"_links":{"self":[{"href":"https:\/\/prensapresidencialvenezuela.gob.ve\/index.php\/wp-json\/wp\/v2\/posts\/1993","targetHints":{"allow":["GET"]}}],"collection":[{"href":"https:\/\/prensapresidencialvenezuela.gob.ve\/index.php\/wp-json\/wp\/v2\/posts"}],"about":[{"href":"https:\/\/prensapresidencialvenezuela.gob.ve\/index.php\/wp-json\/wp\/v2\/types\/post"}],"author":[{"embeddable":true,"href":"https:\/\/prensapresidencialvenezuela.gob.ve\/index.php\/wp-json\/wp\/v2\/users\/6"}],"replies":[{"embeddable":true,"href":"https:\/\/prensapresidencialvenezuela.gob.ve\/index.php\/wp-json\/wp\/v2\/comments?post=1993"}],"version-history":[{"count":1,"href":"https:\/\/prensapresidencialvenezuela.gob.ve\/index.php\/wp-json\/wp\/v2\/posts\/1993\/revisions"}],"predecessor-version":[{"id":1995,"href":"https:\/\/prensapresidencialvenezuela.gob.ve\/index.php\/wp-json\/wp\/v2\/posts\/1993\/revisions\/1995"}],"wp:featuredmedia":[{"embeddable":true,"href":"https:\/\/prensapresidencialvenezuela.gob.ve\/index.php\/wp-json\/wp\/v2\/media\/1994"}],"wp:attachment":[{"href":"https:\/\/prensapresidencialvenezuela.gob.ve\/index.php\/wp-json\/wp\/v2\/media?parent=1993"}],"wp:term":[{"taxonomy":"category","embeddable":true,"href":"https:\/\/prensapresidencialvenezuela.gob.ve\/index.php\/wp-json\/wp\/v2\/categories?post=1993"},{"taxonomy":"post_tag","embeddable":true,"href":"https:\/\/prensapresidencialvenezuela.gob.ve\/index.php\/wp-json\/wp\/v2\/tags?post=1993"}],"curies":[{"name":"wp","href":"https:\/\/api.w.org\/{rel}","templated":true}]}}