{"id":19955,"date":"2025-05-14T13:34:50","date_gmt":"2025-05-14T17:34:50","guid":{"rendered":"https:\/\/prensapresidencialvenezuela.gob.ve\/?p=19955"},"modified":"2025-05-14T13:39:21","modified_gmt":"2025-05-14T17:39:21","slug":"presidente-maduro-agradecio-la-accion-coordinada-que-permitio-el-rescate-de-maikelys-espinoza","status":"publish","type":"post","link":"https:\/\/prensapresidencialvenezuela.gob.ve\/index.php\/2025\/05\/14\/presidente-maduro-agradecio-la-accion-coordinada-que-permitio-el-rescate-de-maikelys-espinoza\/","title":{"rendered":"Presidente Maduro agradeci\u00f3 la acci\u00f3n coordinada que permiti\u00f3 el rescate de Maikelys Espinoza"},"content":{"rendered":"\n<p><strong>Palacio de Miraflores, Caracas. \u2013 <\/strong>El presidente de la Rep\u00fablica Bolivariana de Venezuela, Nicol\u00e1s Maduro, agradeci\u00f3 la acci\u00f3n coordinada que permiti\u00f3 el rescate de la ni\u00f1a Maikelys Espinoza, una muestra de una batalla m\u00e1s ganada con la sabidur\u00eda y experiencia del jefe de Estado, tras asignar a un equipo calificado, para la feliz resoluci\u00f3n de este caso.<\/p>\n\n\n\n<p>Desde el sal\u00f3n Sim\u00f3n Bol\u00edvar del Palacio de Miraflores, junto a la Primera Combatiente de la Rep\u00fablica, Cilia Flores de Maduro; la Vicepresidenta Ejecutiva, Delcy Rodr\u00edguez; Camilla Fabri Saab\u200b; el vicepresidente sectorial de Pol\u00edtica, Seguridad Ciudadana y Paz, Diosdado Cabello; la madre de la peque\u00f1a, Yorely Bernal; y la abuela Raida Inciarte, el Mandatario puntualiz\u00f3 su agradecimiento al &nbsp;doctor Jorge Rodr\u00edguez por todas sus gestiones como enviado especial de paz de Venezuela, quien se ha manejado en jornadas intensas y extensas para lograr el rescate de la ni\u00f1a Maikelys.<\/p>\n\n\n\n<p>Tambi\u00e9n retribuy\u00f3 la labor desempe\u00f1ada por el equipo de la Vicepresidenta Ejecutiva, Delcy Rodr\u00edguez, el ministro del Poder Popular para Relaciones Interiores, Justicia y Paz, Diosdado Cabello y la Primera Combatiente de la Rep\u00fablica, Cilia Flores; de Camilla Fabri, as\u00ed como a los abogados, a los movimientos de derechos civiles y de derechos de los migrantes de Estados Unidos, todos, en coordinaci\u00f3n con el defensor de los Derechos Humanos de Venezuela, Larry Devoe, la madre de la ni\u00f1a, Yorely Bernal, estuvieron actuando legalmente, buscando un milagro.<\/p>\n\n\n\n<p><strong>\u00a1Y el milagro, otra vez, se ha consumado!<\/strong><\/p>\n\n\n\n<p>\u201c\u00a1Y el milagro, otra vez, se ha consumado, gracias a Dios, en primer lugar, por traer a esta ni\u00f1a hermosa a los brazos de su madre, en un d\u00eda donde uno siente que vale la pena todo!\u201d, expres\u00f3 visiblemente emocionado el Mandatario nacional, en este encuentro hist\u00f3rico y amoroso entre la ni\u00f1a y su familia. \u00a0<\/p>\n\n\n\n<p>Desde el Palacio del Gobierno Bolivariano, en su emotivo reconocimiento por las gestiones realizadas para que hoy sea una realidad el retorno de la peque\u00f1a, el Dignatario gratific\u00f3 al embajador Richard Grenell, Enviado Especial del presidente Donald Trump.<\/p>\n\n\n\n<p>\u201cPor sus gestiones y con el embajador Grennel, agradecer al presidente Donald Trump, tambi\u00e9n, quien se encuentra en los pa\u00edses \u00e1rabes, que se haya consumado este acto de justicia profundamente humano\u201d, dijo el jefe de Estado venezolano.<\/p>\n\n\n\n<p><strong>Acto de justicia y profundamente humano<\/strong><\/p>\n\n\n\n<p>A manera de reflexi\u00f3n, el presidente Maduro enfatiz\u00f3 que diferencias ha habido y las habr\u00e1, pero, \u201ces posible, con la bendici\u00f3n de Dios Padre avanzar y resolver muchos asuntos\u201d, expres\u00f3, al acompa\u00f1ar estas palabras con sus aspiraciones de que \u201cmuy pronto podamos tambi\u00e9n rescatar al padre de Maikelys y a los 253 venezolanos que est\u00e1n en El Salvador. \u00a1Muy pronto!\u201d. &nbsp;<\/p>\n\n\n\n<p>Este acto milagroso y profundamente humano, como lo ha calificado el presidente Maduro, ocurre luego de que aterrizara un nuevo vuelo con 226 migrantes venezolanos en el marco del Plan Vuelta a la Patria, m\u00e1s Maikelys Espinoza.<\/p>\n\n\n\n<p>El vuelo arrib\u00f3 al Aeropuerto Internacional Sim\u00f3n Bol\u00edvar, ubicado en el estado La Guaira, y fue recibido por el ministro para las Relaciones Interiores, Justicia y Paz, Diosdado Cabello.<\/p>\n\n\n\n<p>En el vuelo arrib\u00f3 la ni\u00f1a Maikelys Espinoza, de 2 a\u00f1os, quien fue secuestrada por el gobierno de Donald Trump tras ser arrebatada a su madre.<\/p>\n\n\n\n<p><strong>Prensa Presidencial \/ Ana\u00eds P\u00e9rez<\/strong><\/p>\n","protected":false},"excerpt":{"rendered":"<p>Palacio de Miraflores, Caracas. \u2013 El presidente de la Rep\u00fablica Bolivariana de Venezuela, Nicol\u00e1s Maduro, agradeci\u00f3 la acci\u00f3n coordinada que permiti\u00f3 el rescate de la ni\u00f1a Maikelys Espinoza, una muestra de una batalla m\u00e1s ganada con la sabidur\u00eda y experiencia del jefe de Estado, tras asignar a un equipo calificado, para la feliz resoluci\u00f3n de [&hellip;]<\/p>\n","protected":false},"author":1,"featured_media":19957,"comment_status":"open","ping_status":"open","sticky":false,"template":"","format":"standard","meta":{"footnotes":""},"categories":[18,7],"tags":[532,1641,1727],"class_list":["post-19955","post","type-post","status-publish","format-standard","has-post-thumbnail","hentry","category-noticias-principales","category-notas-de-prensa","tag-accion","tag-agradecimiento","tag-coordinada"],"_links":{"self":[{"href":"https:\/\/prensapresidencialvenezuela.gob.ve\/index.php\/wp-json\/wp\/v2\/posts\/19955","targetHints":{"allow":["GET"]}}],"collection":[{"href":"https:\/\/prensapresidencialvenezuela.gob.ve\/index.php\/wp-json\/wp\/v2\/posts"}],"about":[{"href":"https:\/\/prensapresidencialvenezuela.gob.ve\/index.php\/wp-json\/wp\/v2\/types\/post"}],"author":[{"embeddable":true,"href":"https:\/\/prensapresidencialvenezuela.gob.ve\/index.php\/wp-json\/wp\/v2\/users\/1"}],"replies":[{"embeddable":true,"href":"https:\/\/prensapresidencialvenezuela.gob.ve\/index.php\/wp-json\/wp\/v2\/comments?post=19955"}],"version-history":[{"count":2,"href":"https:\/\/prensapresidencialvenezuela.gob.ve\/index.php\/wp-json\/wp\/v2\/posts\/19955\/revisions"}],"predecessor-version":[{"id":19960,"href":"https:\/\/prensapresidencialvenezuela.gob.ve\/index.php\/wp-json\/wp\/v2\/posts\/19955\/revisions\/19960"}],"wp:featuredmedia":[{"embeddable":true,"href":"https:\/\/prensapresidencialvenezuela.gob.ve\/index.php\/wp-json\/wp\/v2\/media\/19957"}],"wp:attachment":[{"href":"https:\/\/prensapresidencialvenezuela.gob.ve\/index.php\/wp-json\/wp\/v2\/media?parent=19955"}],"wp:term":[{"taxonomy":"category","embeddable":true,"href":"https:\/\/prensapresidencialvenezuela.gob.ve\/index.php\/wp-json\/wp\/v2\/categories?post=19955"},{"taxonomy":"post_tag","embeddable":true,"href":"https:\/\/prensapresidencialvenezuela.gob.ve\/index.php\/wp-json\/wp\/v2\/tags?post=19955"}],"curies":[{"name":"wp","href":"https:\/\/api.w.org\/{rel}","templated":true}]}}