{"id":19961,"date":"2025-05-14T13:54:41","date_gmt":"2025-05-14T17:54:41","guid":{"rendered":"https:\/\/prensapresidencialvenezuela.gob.ve\/?p=19961"},"modified":"2025-05-14T14:33:58","modified_gmt":"2025-05-14T18:33:58","slug":"primera-dama-cilia-flores-destaco-la-firmeza-del-gobierno-bolivariano-para-lograr-la-liberacion-de-maikelys-espinoza","status":"publish","type":"post","link":"https:\/\/prensapresidencialvenezuela.gob.ve\/index.php\/2025\/05\/14\/primera-dama-cilia-flores-destaco-la-firmeza-del-gobierno-bolivariano-para-lograr-la-liberacion-de-maikelys-espinoza\/","title":{"rendered":"Primera Dama Cilia Flores destac\u00f3 la firmeza del Gobierno Bolivariano para lograr la liberaci\u00f3n de Maikelys Espinoza"},"content":{"rendered":"\n<p><strong>Palacio de Miraflores, Carcas.-<\/strong>La Primera Dama de la Rep\u00fablica, Cilia Flores, expres\u00f3 su profunda emoci\u00f3n ante el regreso de la ni\u00f1a Maikelys Espinoza, desde Estados Unidos, tras la firme denuncia del Gobierno nacional y del pueblo de Venezuela, que alzaron su voz para exigir su regreso desde Estados Unidos.<\/p>\n\n\n\n<p>Desde el Palacio de Miraflores, donde se recibi\u00f3 con alegr\u00eda a la peque\u00f1a Maikelys, Flores destac\u00f3 que su liberaci\u00f3n se convirti\u00f3 en una causa nacional.<\/p>\n\n\n\n<p>\u00abEl pueblo venezolano, hombres y mujeres, alz\u00f3 su voz con firmeza y sensibilidad para exigir su regreso\u00bb, afirm\u00f3.&nbsp;<\/p>\n\n\n\n<p>En compa\u00f1\u00eda del presidente Nicol\u00e1s Maduro, la Primera Dama enfatiz\u00f3 el papel de la solidaridad colectiva.<\/p>\n\n\n\n<p>\u00abEn el D\u00eda de las Madres, todas nos asumimos como madres y abuelas de Maikelys. Hoy, gracias a la unidad del pueblo, se hizo posible este milagro\u00bb, declar\u00f3.&nbsp;<\/p>\n\n\n\n<p><strong>La firmeza del Gobierno Bolivariano<\/strong><\/p>\n\n\n\n<p>La Primera Combatiente reconoci\u00f3 la determinaci\u00f3n del preisdente Maduro en el proceso.<\/p>\n\n\n\n<p>\u00abAgradecemos la firmeza del presidente Maduro y de todo el Gobierno. Siempre tuvimos la certeza de que Maikelys volver\u00eda a los brazos de su familia\u00bb, sostuvo.&nbsp;<\/p>\n\n\n\n<p>Relat\u00f3 el emotivo momento en que la ni\u00f1a lleg\u00f3 al aeropuerto, escoltada por funcionarios de seguridad. \u00abEse abrazo fue el m\u00e1s significativo. Representamos a todas las madres y abuelas de Venezuela que hoy celebran este reencuentro\u00bb, expres\u00f3.&nbsp;<\/p>\n\n\n\n<p><strong>Un compromiso con la justicia y la protecci\u00f3n<\/strong><\/p>\n\n\n\n<p>La Primera Dama subray\u00f3 que Maikelys nunca debi\u00f3 ser separada de su familia. \u00abAhora tiene la oportunidad de recibir el amor y la protecci\u00f3n que merece. Es nuestra hija, nuestra nieta\u00bb, afirm\u00f3 con convicci\u00f3n.&nbsp;<\/p>\n\n\n\n<p>Al acto de recibimiento asisti\u00f3 tambi\u00e9n el ministro del Interior, Justicia y Paz, Diosdado Cabello, quien confirm\u00f3 previamente la identidad de la menor y su situaci\u00f3n de secuestro en Estados Unidos.&nbsp;<\/p>\n\n\n\n<p><strong>Un triunfo del Pueblo<\/strong><\/p>\n\n\n\n<p>La Primera Dama cerr\u00f3 sus palabras con un mensaje de esperanza: \u00abEste logro demuestra que, cuando el pueblo se une y el Gobierno act\u00faa con determinaci\u00f3n, la justicia prevalece. Maikelys est\u00e1 donde debe estar: en su patria, con su familia\u00bb.&nbsp;<\/p>\n\n\n\n<p><strong>Prensa Presidencial\/ Luis Tavera<\/strong><\/p>\n","protected":false},"excerpt":{"rendered":"<p>Palacio de Miraflores, Carcas.-La Primera Dama de la Rep\u00fablica, Cilia Flores, expres\u00f3 su profunda emoci\u00f3n ante el regreso de la ni\u00f1a Maikelys Espinoza, desde Estados Unidos, tras la firme denuncia del Gobierno nacional y del pueblo de Venezuela, que alzaron su voz para exigir su regreso desde Estados Unidos. Desde el Palacio de Miraflores, donde [&hellip;]<\/p>\n","protected":false},"author":1,"featured_media":19962,"comment_status":"open","ping_status":"open","sticky":false,"template":"","format":"standard","meta":{"footnotes":""},"categories":[18,7],"tags":[1445,1693,1362],"class_list":["post-19961","post","type-post","status-publish","format-standard","has-post-thumbnail","hentry","category-noticias-principales","category-notas-de-prensa","tag-dama","tag-liberacion","tag-primera"],"_links":{"self":[{"href":"https:\/\/prensapresidencialvenezuela.gob.ve\/index.php\/wp-json\/wp\/v2\/posts\/19961","targetHints":{"allow":["GET"]}}],"collection":[{"href":"https:\/\/prensapresidencialvenezuela.gob.ve\/index.php\/wp-json\/wp\/v2\/posts"}],"about":[{"href":"https:\/\/prensapresidencialvenezuela.gob.ve\/index.php\/wp-json\/wp\/v2\/types\/post"}],"author":[{"embeddable":true,"href":"https:\/\/prensapresidencialvenezuela.gob.ve\/index.php\/wp-json\/wp\/v2\/users\/1"}],"replies":[{"embeddable":true,"href":"https:\/\/prensapresidencialvenezuela.gob.ve\/index.php\/wp-json\/wp\/v2\/comments?post=19961"}],"version-history":[{"count":3,"href":"https:\/\/prensapresidencialvenezuela.gob.ve\/index.php\/wp-json\/wp\/v2\/posts\/19961\/revisions"}],"predecessor-version":[{"id":19966,"href":"https:\/\/prensapresidencialvenezuela.gob.ve\/index.php\/wp-json\/wp\/v2\/posts\/19961\/revisions\/19966"}],"wp:featuredmedia":[{"embeddable":true,"href":"https:\/\/prensapresidencialvenezuela.gob.ve\/index.php\/wp-json\/wp\/v2\/media\/19962"}],"wp:attachment":[{"href":"https:\/\/prensapresidencialvenezuela.gob.ve\/index.php\/wp-json\/wp\/v2\/media?parent=19961"}],"wp:term":[{"taxonomy":"category","embeddable":true,"href":"https:\/\/prensapresidencialvenezuela.gob.ve\/index.php\/wp-json\/wp\/v2\/categories?post=19961"},{"taxonomy":"post_tag","embeddable":true,"href":"https:\/\/prensapresidencialvenezuela.gob.ve\/index.php\/wp-json\/wp\/v2\/tags?post=19961"}],"curies":[{"name":"wp","href":"https:\/\/api.w.org\/{rel}","templated":true}]}}