{"id":19969,"date":"2025-05-14T15:14:54","date_gmt":"2025-05-14T19:14:54","guid":{"rendered":"https:\/\/prensapresidencialvenezuela.gob.ve\/?p=19969"},"modified":"2025-05-14T15:14:55","modified_gmt":"2025-05-14T19:14:55","slug":"presidente-maduro-insto-al-pueblo-a-mantenerse-movilizado-y-en-solidaridad-activa","status":"publish","type":"post","link":"https:\/\/prensapresidencialvenezuela.gob.ve\/index.php\/2025\/05\/14\/presidente-maduro-insto-al-pueblo-a-mantenerse-movilizado-y-en-solidaridad-activa\/","title":{"rendered":"Presidente Maduro inst\u00f3 al pueblo a mantenerse movilizado y en solidaridad activa"},"content":{"rendered":"\n<p><strong>Palacio de Miraflores, Caracas.-<\/strong>En un emotivo acto de recibimiento a la ni\u00f1a Maikelys Espinoza, reunida con su madre y abuela en el Palacio de Miraflores, el presidente de la Rep\u00fablica Bolivariana de Venezuela, Nicol\u00e1s Maduro, hizo un llamado contundente a los migrantes venezolanos para que retornen al pa\u00eds.<\/p>\n\n\n\n<p><strong>Un llamado a la unidad nacional<\/strong><\/p>\n\n\n\n<p>Con firmeza y convicci\u00f3n, el Mandatario venezolano dirigi\u00f3 un mensaje directo a quienes se encuentran fuera del pa\u00eds:&nbsp;<\/p>\n\n\n\n<p>\u00abV\u00e9nganse, no crean en falsas patrias e ilusiones del sue\u00f1o americano, v\u00e9nganse a Venezuela todos, aqu\u00ed los amamos\u00bb.&nbsp;<\/p>\n\n\n\n<p>El presidente Maduro enfatiz\u00f3 que la verdadera soluci\u00f3n a los desaf\u00edos que enfrenta el pueblo s\u00f3lo puede lograrse desde la unidad y la construcci\u00f3n colectiva:&nbsp;<\/p>\n\n\n\n<p>\u00abAqu\u00ed nos arreglamos y resolvemos entre todos y construimos la \u00fanica Patria que tenemos, \u2018Patria, matria Venezuela\u2019, este hogar, el hogar donde est\u00e1n nuestros antepasados y nuestras esperanzas\u00bb.&nbsp;<\/p>\n\n\n\n<p><strong>Solidaridad activa y movilizaci\u00f3n popular<\/strong><\/p>\n\n\n\n<p>El jefe de Estado insisti\u00f3 en la necesidad de mantener la organizaci\u00f3n popular y la solidaridad como herramientas fundamentales para enfrentar las adversidades impuestas por el bloqueo econ\u00f3mico y las sanciones criminales.&nbsp;<\/p>\n\n\n\n<p>\u00abSer\u00e1n rescatados todos los migrantes venezolanos, est\u00e9n donde est\u00e9n\u00bb, asegur\u00f3, destacando el compromiso del Gobierno Bolivariano con la reunificaci\u00f3n familiar y la protecci\u00f3n de su pueblo.&nbsp;<\/p>\n\n\n\n<p><strong>Venezuela: Tierra de libertad, esperanza y felicidad&nbsp;<\/strong><\/p>\n\n\n\n<p>Frente a las campa\u00f1as de desinformaci\u00f3n que buscan desalentar el retorno de los venezolanos, el jefe de Estado reafirm\u00f3 que el pa\u00eds sigue en pie, resistiendo y avanzando:&nbsp;<\/p>\n\n\n\n<p>\u00abLa vamos llevando poco a poco y vamos avanzando en esta tierra de la libertad, de la esperanza y la felicidad\u00bb*.&nbsp;<\/p>\n\n\n\n<p>Adem\u00e1s, ratific\u00f3 la disposici\u00f3n del Estado venezolano para garantizar el retorno seguro de sus ciudadanos:&nbsp;<\/p>\n\n\n\n<p>\u00abSomos empe\u00f1ados y tenemos los aviones, y uno por uno los vamos a traer para que unifiquemos la familia venezolana que tanto ha sufrido por las sanciones <a>criminales\u00bb.&nbsp;<\/a><\/p>\n\n\n\n<p>Como parte de este compromiso, el presidente Maduro anunci\u00f3 que se gestiona el retorno del padre de Maikelys Espinoza y de los 253 venezolanosactualmente en El Salvador, reafirmando que ning\u00fan venezolano ser\u00e1 abandonado.<\/p>\n\n\n\n<p><strong>Prensa Presidencial\/ Luis Tavera<\/strong><\/p>\n","protected":false},"excerpt":{"rendered":"<p>Palacio de Miraflores, Caracas.-En un emotivo acto de recibimiento a la ni\u00f1a Maikelys Espinoza, reunida con su madre y abuela en el Palacio de Miraflores, el presidente de la Rep\u00fablica Bolivariana de Venezuela, Nicol\u00e1s Maduro, hizo un llamado contundente a los migrantes venezolanos para que retornen al pa\u00eds. Un llamado a la unidad nacional Con [&hellip;]<\/p>\n","protected":false},"author":1,"featured_media":19970,"comment_status":"open","ping_status":"open","sticky":false,"template":"","format":"standard","meta":{"footnotes":""},"categories":[18,7],"tags":[1729,451,1728],"class_list":["post-19969","post","type-post","status-publish","format-standard","has-post-thumbnail","hentry","category-noticias-principales","category-notas-de-prensa","tag-movilizado","tag-pueblo","tag-solidario"],"_links":{"self":[{"href":"https:\/\/prensapresidencialvenezuela.gob.ve\/index.php\/wp-json\/wp\/v2\/posts\/19969","targetHints":{"allow":["GET"]}}],"collection":[{"href":"https:\/\/prensapresidencialvenezuela.gob.ve\/index.php\/wp-json\/wp\/v2\/posts"}],"about":[{"href":"https:\/\/prensapresidencialvenezuela.gob.ve\/index.php\/wp-json\/wp\/v2\/types\/post"}],"author":[{"embeddable":true,"href":"https:\/\/prensapresidencialvenezuela.gob.ve\/index.php\/wp-json\/wp\/v2\/users\/1"}],"replies":[{"embeddable":true,"href":"https:\/\/prensapresidencialvenezuela.gob.ve\/index.php\/wp-json\/wp\/v2\/comments?post=19969"}],"version-history":[{"count":1,"href":"https:\/\/prensapresidencialvenezuela.gob.ve\/index.php\/wp-json\/wp\/v2\/posts\/19969\/revisions"}],"predecessor-version":[{"id":19971,"href":"https:\/\/prensapresidencialvenezuela.gob.ve\/index.php\/wp-json\/wp\/v2\/posts\/19969\/revisions\/19971"}],"wp:featuredmedia":[{"embeddable":true,"href":"https:\/\/prensapresidencialvenezuela.gob.ve\/index.php\/wp-json\/wp\/v2\/media\/19970"}],"wp:attachment":[{"href":"https:\/\/prensapresidencialvenezuela.gob.ve\/index.php\/wp-json\/wp\/v2\/media?parent=19969"}],"wp:term":[{"taxonomy":"category","embeddable":true,"href":"https:\/\/prensapresidencialvenezuela.gob.ve\/index.php\/wp-json\/wp\/v2\/categories?post=19969"},{"taxonomy":"post_tag","embeddable":true,"href":"https:\/\/prensapresidencialvenezuela.gob.ve\/index.php\/wp-json\/wp\/v2\/tags?post=19969"}],"curies":[{"name":"wp","href":"https:\/\/api.w.org\/{rel}","templated":true}]}}