{"id":19973,"date":"2025-05-15T18:20:28","date_gmt":"2025-05-15T22:20:28","guid":{"rendered":"https:\/\/prensapresidencialvenezuela.gob.ve\/?p=19973"},"modified":"2025-05-15T18:21:18","modified_gmt":"2025-05-15T22:21:18","slug":"jefe-de-estado-recibe-gran-marcha-por-la-familia-y-la-vida","status":"publish","type":"post","link":"https:\/\/prensapresidencialvenezuela.gob.ve\/index.php\/2025\/05\/15\/jefe-de-estado-recibe-gran-marcha-por-la-familia-y-la-vida\/","title":{"rendered":"Jefe de Estado recibe Gran Marcha por la Familia y la Vida"},"content":{"rendered":"\n<p><strong>Palacio de Miraflores, Caracas.<\/strong> El presidente de la Rep\u00fablica Bolivariana de Venezuela, Nicol\u00e1s Maduro, recibi\u00f3 en el Palacio de Miraflores a hombres, mujeres, ni\u00f1os, ni\u00f1as,&nbsp; abuelos y abuelas que protagonizaron la Gran Marcha por la Familia y la Vida.<\/p>\n\n\n\n<p>En el contexto del D\u00eda Internacional de la Familia que se conmemora cada 15 de mayo, el Partido Socialista de Venezuela (PSUV), convoc\u00f3 est\u00e1 movilizaci\u00f3n que tambi\u00e9n se suscribe en la celebraci\u00f3n del pueblo venezolano, tras el rescate de la ni\u00f1a Maikelys Espinoza, logrado por el Gobierno revolucionario, bajo el liderazgo del presidente Nicol\u00e1s Maduro.<\/p>\n\n\n\n<p>Esta &nbsp;fecha, que exalta la importancia del n\u00facleo familiar, es celebrada con el objetivo de crear conciencia sobre el papel fundamental de las familias en la educaci\u00f3n de los hijos desde la primera infancia, y las oportunidades de aprendizaje permanente que existen para los ni\u00f1os, las ni\u00f1as y los j\u00f3venes, hombres y mujeres.<\/p>\n\n\n\n<p>Acompa\u00f1an al Dignatario venezolano la Primera Dama de la Rep\u00fablica, Cilia Flores; el presidente de la Asamblea Nacional, Jorge Rodr\u00edguez; la Defensora de los Derechos Humanos y la Verdad de Venezuela, Camilla Fabri de Saab; el pastor y profeta del Centro Cristiano Imperial, Efershon P\u00e9rez, entre otras autoridades, como Nahum Fern\u00e1ndez, Jefe de Gobierno de Caracas y vicepresidente de Movilizaci\u00f3n y Eventos del Partido Socialista Unido de Venezuela.<\/p>\n\n\n\n<p>Adem\u00e1s est\u00e1 presente Lorena Ram\u00edrez, pastora del Ministerio Santuario Generaci\u00f3n del Tercer D\u00eda.<\/p>\n\n\n\n<p>M\u00e1s temprano, el Jefe de Estado, hombre que ha puesto en primer lugar la paz de la familia venezolana, escribi\u00f3 en su cuenta de la red social Telegram, un mensaje de esperanza para el reencuentro.<\/p>\n\n\n\n<p>Tambi\u00e9n record\u00f3 que hoy se cumple un a\u00f1o de haber sumido el rol como protector de la familia venezolana. \u201cCon amor y esmero cristiano, asum\u00ed hace 1 a\u00f1o ser el protector de la familia venezolana, por eso hoy #15May me uno a la fiesta que celebra la uni\u00f3n, la vida y la esperanza\u201d.<\/p>\n\n\n\n<p>En esa l\u00ednea, el Mandatario enfatiz\u00f3 que la familia es la base de la creaci\u00f3n de una nueva civilizaci\u00f3n del amor para las generaciones futuras, es la fuerza principal para derrotar los antivalores, y es el centro del esfuerzo y trabajo.<\/p>\n\n\n\n<p>\u201cEstamos empe\u00f1ados y vamos a perseverar para reunificar a las familias venezolanas que han sido separadas, los vamos a traer, para que sue\u00f1en y construyan en su Patria. \u00a1Cuentan conmigo!\u201d, puntualiz\u00f3 en su mensaje, el jefe de Estado venezolano.<\/p>\n\n\n\n<p><strong>Prensa Presidencial \/ Eduardo Hueck<\/strong><\/p>\n","protected":false},"excerpt":{"rendered":"<p>Palacio de Miraflores, Caracas. El presidente de la Rep\u00fablica Bolivariana de Venezuela, Nicol\u00e1s Maduro, recibi\u00f3 en el Palacio de Miraflores a hombres, mujeres, ni\u00f1os, ni\u00f1as,&nbsp; abuelos y abuelas que protagonizaron la Gran Marcha por la Familia y la Vida. En el contexto del D\u00eda Internacional de la Familia que se conmemora cada 15 de mayo, [&hellip;]<\/p>\n","protected":false},"author":1,"featured_media":19975,"comment_status":"open","ping_status":"open","sticky":false,"template":"","format":"standard","meta":{"footnotes":""},"categories":[18,7],"tags":[209,547,663,1730],"class_list":["post-19973","post","type-post","status-publish","format-standard","has-post-thumbnail","hentry","category-noticias-principales","category-notas-de-prensa","tag-familia","tag-marcha","tag-presidente","tag-vida"],"_links":{"self":[{"href":"https:\/\/prensapresidencialvenezuela.gob.ve\/index.php\/wp-json\/wp\/v2\/posts\/19973","targetHints":{"allow":["GET"]}}],"collection":[{"href":"https:\/\/prensapresidencialvenezuela.gob.ve\/index.php\/wp-json\/wp\/v2\/posts"}],"about":[{"href":"https:\/\/prensapresidencialvenezuela.gob.ve\/index.php\/wp-json\/wp\/v2\/types\/post"}],"author":[{"embeddable":true,"href":"https:\/\/prensapresidencialvenezuela.gob.ve\/index.php\/wp-json\/wp\/v2\/users\/1"}],"replies":[{"embeddable":true,"href":"https:\/\/prensapresidencialvenezuela.gob.ve\/index.php\/wp-json\/wp\/v2\/comments?post=19973"}],"version-history":[{"count":1,"href":"https:\/\/prensapresidencialvenezuela.gob.ve\/index.php\/wp-json\/wp\/v2\/posts\/19973\/revisions"}],"predecessor-version":[{"id":19976,"href":"https:\/\/prensapresidencialvenezuela.gob.ve\/index.php\/wp-json\/wp\/v2\/posts\/19973\/revisions\/19976"}],"wp:featuredmedia":[{"embeddable":true,"href":"https:\/\/prensapresidencialvenezuela.gob.ve\/index.php\/wp-json\/wp\/v2\/media\/19975"}],"wp:attachment":[{"href":"https:\/\/prensapresidencialvenezuela.gob.ve\/index.php\/wp-json\/wp\/v2\/media?parent=19973"}],"wp:term":[{"taxonomy":"category","embeddable":true,"href":"https:\/\/prensapresidencialvenezuela.gob.ve\/index.php\/wp-json\/wp\/v2\/categories?post=19973"},{"taxonomy":"post_tag","embeddable":true,"href":"https:\/\/prensapresidencialvenezuela.gob.ve\/index.php\/wp-json\/wp\/v2\/tags?post=19973"}],"curies":[{"name":"wp","href":"https:\/\/api.w.org\/{rel}","templated":true}]}}