{"id":19978,"date":"2025-05-15T18:51:12","date_gmt":"2025-05-15T22:51:12","guid":{"rendered":"https:\/\/prensapresidencialvenezuela.gob.ve\/?p=19978"},"modified":"2025-05-15T18:58:11","modified_gmt":"2025-05-15T22:58:11","slug":"presidente-maduro-comprometido-con-la-reunificacion-de-toda-la-familia-venezolana","status":"publish","type":"post","link":"https:\/\/prensapresidencialvenezuela.gob.ve\/index.php\/2025\/05\/15\/presidente-maduro-comprometido-con-la-reunificacion-de-toda-la-familia-venezolana\/","title":{"rendered":"Presidente Maduro comprometido con la reunificaci\u00f3n de la familia venezolana"},"content":{"rendered":"\n<p><strong>Palacio de Miraflores, Caracas.-<\/strong> Desde la Casa del Pueblo, el presidente de la Rep\u00fablica Bolivariana de Venezuela, Nicol\u00e1s Maduro Moros, resalt\u00f3 con relaci\u00f3n a los 253 venezolanos que se encuentran secuestrados en El Salvador, que \u00abcon el favor de Dios, m\u00e1s temprano que tarde ser\u00e1n rescatados sanos y salvos\u00bb.<\/p>\n\n\n\n<p>Estas declaraciones fueron emitidas durante un acto emotivo que se realiz\u00f3 este jueves 15 de mayo por el D\u00eda de la Familia venezolana, en el que adem\u00e1s hizo la promesa que reunificar\u00e1 a toda la familia venezolana y estos muchachos volver\u00e1n a su pa\u00eds para \u00ababrazar a su familia\u00bb.<\/p>\n\n\n\n<p>Por este motivo, el Dignatario de la Naci\u00f3n solicit\u00f3 ante los presentes un aplauso a las madres, esposas, padres e hijas de estos hombres que est\u00e1n retenidos en El Salvador.<\/p>\n\n\n\n<p>Por otra parte, el jefe de Estado ha recordado que el d\u00eda de ayer un milagro fue consumado y hoy es la alegr\u00eda m\u00e1s grande; esto a prop\u00f3sito del rescate de la peque\u00f1a Maikelys Espinoza, que ha retornado a los brazos de su madre y familia.<\/p>\n\n\n\n<p>\u00abAyer fue un d\u00eda de expansi\u00f3n de bendiciones\u00bb, expres\u00f3 el Mandatario Nacional para hacer referencia al logro que ver a la peque\u00f1a de 2 a\u00f1os de edad en su Patria\u00bb<\/p>\n\n\n\n<p>Asimismo,&nbsp; record\u00f3 con mucho sentimiento que desde el primer instante que la vio se llen\u00f3 de regocijo y mucho sentimiento, y esa es la misma emoci\u00f3n con la que hoy \u00abcelebra el D\u00eda de la Familia, de la familia venezolana, unida\u00bb.<\/p>\n\n\n\n<p>Estas palabras emitidas por el presidente Nicol\u00e1s Maduro, son una muestra del amor por su Patria y su compromiso por preservar la paz, la uni\u00f3n y felicidad del pueblo venezolano.<\/p>\n\n\n\n<p><strong>Prensa Presidencial\/Irmary D\u00edaz<\/strong><\/p>\n","protected":false},"excerpt":{"rendered":"<p>Palacio de Miraflores, Caracas.- Desde la Casa del Pueblo, el presidente de la Rep\u00fablica Bolivariana de Venezuela, Nicol\u00e1s Maduro Moros, resalt\u00f3 con relaci\u00f3n a los 253 venezolanos que se encuentran secuestrados en El Salvador, que \u00abcon el favor de Dios, m\u00e1s temprano que tarde ser\u00e1n rescatados sanos y salvos\u00bb. Estas declaraciones fueron emitidas durante un [&hellip;]<\/p>\n","protected":false},"author":1,"featured_media":19979,"comment_status":"open","ping_status":"open","sticky":false,"template":"","format":"standard","meta":{"footnotes":""},"categories":[18,7],"tags":[209,663,1731],"class_list":["post-19978","post","type-post","status-publish","format-standard","has-post-thumbnail","hentry","category-noticias-principales","category-notas-de-prensa","tag-familia","tag-presidente","tag-reunificacion"],"_links":{"self":[{"href":"https:\/\/prensapresidencialvenezuela.gob.ve\/index.php\/wp-json\/wp\/v2\/posts\/19978","targetHints":{"allow":["GET"]}}],"collection":[{"href":"https:\/\/prensapresidencialvenezuela.gob.ve\/index.php\/wp-json\/wp\/v2\/posts"}],"about":[{"href":"https:\/\/prensapresidencialvenezuela.gob.ve\/index.php\/wp-json\/wp\/v2\/types\/post"}],"author":[{"embeddable":true,"href":"https:\/\/prensapresidencialvenezuela.gob.ve\/index.php\/wp-json\/wp\/v2\/users\/1"}],"replies":[{"embeddable":true,"href":"https:\/\/prensapresidencialvenezuela.gob.ve\/index.php\/wp-json\/wp\/v2\/comments?post=19978"}],"version-history":[{"count":2,"href":"https:\/\/prensapresidencialvenezuela.gob.ve\/index.php\/wp-json\/wp\/v2\/posts\/19978\/revisions"}],"predecessor-version":[{"id":19981,"href":"https:\/\/prensapresidencialvenezuela.gob.ve\/index.php\/wp-json\/wp\/v2\/posts\/19978\/revisions\/19981"}],"wp:featuredmedia":[{"embeddable":true,"href":"https:\/\/prensapresidencialvenezuela.gob.ve\/index.php\/wp-json\/wp\/v2\/media\/19979"}],"wp:attachment":[{"href":"https:\/\/prensapresidencialvenezuela.gob.ve\/index.php\/wp-json\/wp\/v2\/media?parent=19978"}],"wp:term":[{"taxonomy":"category","embeddable":true,"href":"https:\/\/prensapresidencialvenezuela.gob.ve\/index.php\/wp-json\/wp\/v2\/categories?post=19978"},{"taxonomy":"post_tag","embeddable":true,"href":"https:\/\/prensapresidencialvenezuela.gob.ve\/index.php\/wp-json\/wp\/v2\/tags?post=19978"}],"curies":[{"name":"wp","href":"https:\/\/api.w.org\/{rel}","templated":true}]}}