{"id":20022,"date":"2025-05-19T10:28:00","date_gmt":"2025-05-19T14:28:00","guid":{"rendered":"https:\/\/prensapresidencialvenezuela.gob.ve\/?p=20022"},"modified":"2025-05-19T10:28:01","modified_gmt":"2025-05-19T14:28:01","slug":"presidente-maduro-felicita-a-vietnam-y-destaca-el-135-aniversario-del-natalicio-del-lider-ho-chi-minh","status":"publish","type":"post","link":"https:\/\/prensapresidencialvenezuela.gob.ve\/index.php\/2025\/05\/19\/presidente-maduro-felicita-a-vietnam-y-destaca-el-135-aniversario-del-natalicio-del-lider-ho-chi-minh\/","title":{"rendered":"Presidente Maduro felicita a Vietnam y destaca el 135\u00b0 aniversario del natalicio del l\u00edder Ho Chi Minh"},"content":{"rendered":"\n<p><strong>Palacio de Miraflores, Caracas.-<\/strong> En un acto de profundo reconocimiento, el presidente de la Rep\u00fablica Bolivariana de Venezuela, Nicol\u00e1s Maduro, record\u00f3 este 135\u00ba aniversario del natalicio de uno de los mayores h\u00e9roes y l\u00edderes de la historia moderna, Ho Chi Minh.<\/p>\n\n\n\n<p>A trav\u00e9s de sus redes sociales, el Mandatario dej\u00f3 en claro que la lucha del pueblo vietnamita, bajo el liderazgo del T\u00edo Ho, representa la resistencia firme y la victoria de los pueblos que se niegan a someterse a las imposiciones de los imperios<\/p>\n\n\n\n<p>\u00abHace 135 a\u00f1os naci\u00f3 uno de los h\u00e9roes y l\u00edderes m\u00e1s grandes de la humanidad, Ho Chi Minh, maestro de maestros, fundador de la Rep\u00fablica Socialista de Vietnam, que se convirti\u00f3 en gu\u00eda y faro de luz para los pueblos que luchan por su autodeterminaci\u00f3n\u00bb, afirm\u00f3 el jefe de Estado.<\/p>\n\n\n\n<p>Esta conmemoraci\u00f3n reafirma la voluntad de Venezuela de seguir luchando por la soberan\u00eda, la justicia social y la emancipaci\u00f3n de los pueblos oprimidos.<\/p>\n\n\n\n<p>El presidente Maduro destac\u00f3 que el ejemplo del T\u00edo Ho sigue vivo en cada uno de los movimientos populares que se enfrentan a las fuerzas imperialistas, y resalt\u00f3 que Vietnam, bajo su liderazgo, logr\u00f3 levantarse con dignidad tras derrotar al colonialismo franc\u00e9s y, posteriormente, doblegar la maquinaria militar de Estados Unidos.<\/p>\n\n\n\n<p>\u00abEl T\u00edo Ho logr\u00f3 liderar con valent\u00eda y determinaci\u00f3n una naci\u00f3n que no se dobleg\u00f3 ante las amenazas y la violencia del imperialismo. La perseverancia y la organizaci\u00f3n del pueblo vietnamita demostraron que la unidad y la lucha decidida son la clave para la liberaci\u00f3n\u00bb, agreg\u00f3 el Dignatario.<\/p>\n\n\n\n<p>Desde la Venezuela revolucionaria, el Presidente invit\u00f3 a todos los pueblos a aprender del ejemplo vietnamita, a consolidar su organizaci\u00f3n y a fortalecer la resistencia contra las agresiones imperialistas, afirmando que solo a trav\u00e9s de la uni\u00f3n y la conciencia de clase se podr\u00e1n alcanzar verdaderas victorias.<\/p>\n\n\n\n<p><strong>Prensa Presidencial\/ Luis Tavera<\/strong><\/p>\n\n\n\n<p><\/p>\n","protected":false},"excerpt":{"rendered":"<p>Palacio de Miraflores, Caracas.- En un acto de profundo reconocimiento, el presidente de la Rep\u00fablica Bolivariana de Venezuela, Nicol\u00e1s Maduro, record\u00f3 este 135\u00ba aniversario del natalicio de uno de los mayores h\u00e9roes y l\u00edderes de la historia moderna, Ho Chi Minh. A trav\u00e9s de sus redes sociales, el Mandatario dej\u00f3 en claro que la lucha [&hellip;]<\/p>\n","protected":false},"author":1,"featured_media":20023,"comment_status":"open","ping_status":"open","sticky":false,"template":"","format":"standard","meta":{"footnotes":""},"categories":[18,28,7],"tags":[],"class_list":["post-20022","post","type-post","status-publish","format-standard","has-post-thumbnail","hentry","category-noticias-principales","category-imagenes-del-dia","category-notas-de-prensa"],"_links":{"self":[{"href":"https:\/\/prensapresidencialvenezuela.gob.ve\/index.php\/wp-json\/wp\/v2\/posts\/20022","targetHints":{"allow":["GET"]}}],"collection":[{"href":"https:\/\/prensapresidencialvenezuela.gob.ve\/index.php\/wp-json\/wp\/v2\/posts"}],"about":[{"href":"https:\/\/prensapresidencialvenezuela.gob.ve\/index.php\/wp-json\/wp\/v2\/types\/post"}],"author":[{"embeddable":true,"href":"https:\/\/prensapresidencialvenezuela.gob.ve\/index.php\/wp-json\/wp\/v2\/users\/1"}],"replies":[{"embeddable":true,"href":"https:\/\/prensapresidencialvenezuela.gob.ve\/index.php\/wp-json\/wp\/v2\/comments?post=20022"}],"version-history":[{"count":1,"href":"https:\/\/prensapresidencialvenezuela.gob.ve\/index.php\/wp-json\/wp\/v2\/posts\/20022\/revisions"}],"predecessor-version":[{"id":20024,"href":"https:\/\/prensapresidencialvenezuela.gob.ve\/index.php\/wp-json\/wp\/v2\/posts\/20022\/revisions\/20024"}],"wp:featuredmedia":[{"embeddable":true,"href":"https:\/\/prensapresidencialvenezuela.gob.ve\/index.php\/wp-json\/wp\/v2\/media\/20023"}],"wp:attachment":[{"href":"https:\/\/prensapresidencialvenezuela.gob.ve\/index.php\/wp-json\/wp\/v2\/media?parent=20022"}],"wp:term":[{"taxonomy":"category","embeddable":true,"href":"https:\/\/prensapresidencialvenezuela.gob.ve\/index.php\/wp-json\/wp\/v2\/categories?post=20022"},{"taxonomy":"post_tag","embeddable":true,"href":"https:\/\/prensapresidencialvenezuela.gob.ve\/index.php\/wp-json\/wp\/v2\/tags?post=20022"}],"curies":[{"name":"wp","href":"https:\/\/api.w.org\/{rel}","templated":true}]}}