{"id":20028,"date":"2025-05-19T13:49:56","date_gmt":"2025-05-19T17:49:56","guid":{"rendered":"https:\/\/prensapresidencialvenezuela.gob.ve\/?p=20028"},"modified":"2025-05-19T13:49:57","modified_gmt":"2025-05-19T17:49:57","slug":"venezuela-denuncia-una-campana-de-desinformacion-impulsada-por-medios-internacionales-de-la-extrema-derecha","status":"publish","type":"post","link":"https:\/\/prensapresidencialvenezuela.gob.ve\/index.php\/2025\/05\/19\/venezuela-denuncia-una-campana-de-desinformacion-impulsada-por-medios-internacionales-de-la-extrema-derecha\/","title":{"rendered":"Venezuela denuncia una campa\u00f1a de desinformaci\u00f3n impulsada por medios internacionales de la extrema derecha"},"content":{"rendered":"\n<p><strong>Palacio de Miraflores, Caracas.- <\/strong>Este lunes, el presidente de la Rep\u00fablica Bolivariana de Venezuela, Nicol\u00e1s Maduro Moros, inform\u00f3 durante la reuni\u00f3n de trabajo que sostuvo con los organismos de seguridad del Estado, que Venezuela es v\u00edctima de la tergiversaci\u00f3n, mentira, manipulaci\u00f3n y censura, por parte de los grandes medios de comunicaci\u00f3n de Estados Unidos, Europa y parte de Am\u00e9rica Latina.<\/p>\n\n\n\n<p>Asimismo, indic\u00f3 que esta censura es realizada con el objetivo de invisibilizar la realidad democr\u00e1tica y participativa con la que cuenta la naci\u00f3n, ya que el pueblo de Venezuela se mantiene part\u00edcipe en las comunidades, en las calles, mediante un gran debate electoral como lo manda la Constituci\u00f3n, porque \u00abaunque aqu\u00ed ha llovido, tronado y relampagueado, se han realizado todas las elecciones\u00bb.<\/p>\n\n\n\n<p>Al mismo tiempo, el jefe de Estado record\u00f3 que a pesar de que Venezuela tambi\u00e9n ha sido v\u00edctima de guerra econ\u00f3mica, guarimbas, bloqueos y diferentes intentos de desestabilizaci\u00f3n, por parte de la derecha nacional e internacional, siempre se han llevado a cabo los comicios sin ning\u00fan inconveniente.<\/p>\n\n\n\n<p>Por consiguiente, el Mandatario nacional resalt\u00f3: \u00abVenezuela va feliz, este domingo que viene, a la elecci\u00f3n n\u00famero 32, porque nadie le puede quitar el derecho al pueblo de elegir y votar\u00bb.<\/p>\n\n\n\n<p>\u00abEste es el equipo de la paz y la seguridad\u00bb, enfatiz\u00f3 el presidente Nicol\u00e1s Maduro para referir que la Naci\u00f3n venezolana cuenta con el respaldo absoluto de los organismos de seguridad del Estado.<\/p>\n\n\n\n<p><strong>Prensa Presidencial\/Irmary D\u00edaz<\/strong><\/p>\n","protected":false},"excerpt":{"rendered":"<p>Palacio de Miraflores, Caracas.- Este lunes, el presidente de la Rep\u00fablica Bolivariana de Venezuela, Nicol\u00e1s Maduro Moros, inform\u00f3 durante la reuni\u00f3n de trabajo que sostuvo con los organismos de seguridad del Estado, que Venezuela es v\u00edctima de la tergiversaci\u00f3n, mentira, manipulaci\u00f3n y censura, por parte de los grandes medios de comunicaci\u00f3n de Estados Unidos, Europa [&hellip;]<\/p>\n","protected":false},"author":1,"featured_media":20029,"comment_status":"open","ping_status":"open","sticky":false,"template":"","format":"standard","meta":{"footnotes":""},"categories":[18,7],"tags":[],"class_list":["post-20028","post","type-post","status-publish","format-standard","has-post-thumbnail","hentry","category-noticias-principales","category-notas-de-prensa"],"_links":{"self":[{"href":"https:\/\/prensapresidencialvenezuela.gob.ve\/index.php\/wp-json\/wp\/v2\/posts\/20028","targetHints":{"allow":["GET"]}}],"collection":[{"href":"https:\/\/prensapresidencialvenezuela.gob.ve\/index.php\/wp-json\/wp\/v2\/posts"}],"about":[{"href":"https:\/\/prensapresidencialvenezuela.gob.ve\/index.php\/wp-json\/wp\/v2\/types\/post"}],"author":[{"embeddable":true,"href":"https:\/\/prensapresidencialvenezuela.gob.ve\/index.php\/wp-json\/wp\/v2\/users\/1"}],"replies":[{"embeddable":true,"href":"https:\/\/prensapresidencialvenezuela.gob.ve\/index.php\/wp-json\/wp\/v2\/comments?post=20028"}],"version-history":[{"count":1,"href":"https:\/\/prensapresidencialvenezuela.gob.ve\/index.php\/wp-json\/wp\/v2\/posts\/20028\/revisions"}],"predecessor-version":[{"id":20030,"href":"https:\/\/prensapresidencialvenezuela.gob.ve\/index.php\/wp-json\/wp\/v2\/posts\/20028\/revisions\/20030"}],"wp:featuredmedia":[{"embeddable":true,"href":"https:\/\/prensapresidencialvenezuela.gob.ve\/index.php\/wp-json\/wp\/v2\/media\/20029"}],"wp:attachment":[{"href":"https:\/\/prensapresidencialvenezuela.gob.ve\/index.php\/wp-json\/wp\/v2\/media?parent=20028"}],"wp:term":[{"taxonomy":"category","embeddable":true,"href":"https:\/\/prensapresidencialvenezuela.gob.ve\/index.php\/wp-json\/wp\/v2\/categories?post=20028"},{"taxonomy":"post_tag","embeddable":true,"href":"https:\/\/prensapresidencialvenezuela.gob.ve\/index.php\/wp-json\/wp\/v2\/tags?post=20028"}],"curies":[{"name":"wp","href":"https:\/\/api.w.org\/{rel}","templated":true}]}}