{"id":20033,"date":"2025-05-19T15:08:31","date_gmt":"2025-05-19T19:08:31","guid":{"rendered":"https:\/\/prensapresidencialvenezuela.gob.ve\/?p=20033"},"modified":"2025-05-19T15:08:31","modified_gmt":"2025-05-19T19:08:31","slug":"mafia-albanesa-es-enviada-para-impedir-el-desarrollo-de-los-comicios-electorales-del-proximo-25-de-mayo","status":"publish","type":"post","link":"https:\/\/prensapresidencialvenezuela.gob.ve\/index.php\/2025\/05\/19\/mafia-albanesa-es-enviada-para-impedir-el-desarrollo-de-los-comicios-electorales-del-proximo-25-de-mayo\/","title":{"rendered":"Mafia albanesa es enviada para impedir el desarrollo de los comicios electorales del pr\u00f3ximo 25 de mayo"},"content":{"rendered":"\n<p><strong>Palacio de Miraflores, Caracas.- <\/strong>\u00abFrente a las amenazas que ya ha denunciado el ministro del Poder Popular para las Relaciones Interiores, Justicia y Paz, Diosdado Cabello, sobre que ya hay 38 nuevos mercenarios detenidos; la mafia albanesa en Ecuador mand\u00f3 parte de sus mercenarios entrenados a poner bombas en Venezuela\u00bb, manifest\u00f3&nbsp; el presidente de la Rep\u00fablica Bolivariana de Venezuela, Nicol\u00e1s Maduro Moros.<\/p>\n\n\n\n<p>En la misma l\u00ednea, el jefe de Estado reiter\u00f3 que los implicados en estas acciones delictivas ya se encuentran capturados, adem\u00e1s de a\u00f1adir que se les incautaron&nbsp; tres (3) tel\u00e9fonos celulares.<\/p>\n\n\n\n<p>Aunado a ello, agreg\u00f3 que est\u00e1n enviando mafia albanesa del Ecuador, Estados Unidos y Colombia &nbsp;a Venezuela para introducir artefactos explosivos e impedir el correcto desarrollo de los comicios; por lo que de manera interrogante dijo: \u00abpor qu\u00e9 el narcotr\u00e1fico colombiano- alban\u00e9s de Noboa en Ecuador, \u00bfpor qu\u00e9?, porque all\u00e1 est\u00e1 Erik Prince, y si est\u00e1 Eric Prince est\u00e1 el imperio norteamericano. Pero si ellos la mueven toda, nosotros tambi\u00e9n la sabemos mover, en fusi\u00f3n perfecta, popular, militar, policial\u00bb.<\/p>\n\n\n\n<p>Seguidamente, el Presidente elev\u00f3 que con el esp\u00edritu de Cristo, el pueblo de Venezuela siempre est\u00e1 de resurrecci\u00f3n en resurrecci\u00f3n y de victoria en victoria; se\u00f1alando a su vez que \u00abeso es lo que va a ocurrir el pr\u00f3ximo domingo 25 de mayo, un d\u00eda de paz, estabilidad, felicidad, participaci\u00f3n y de decisi\u00f3n soberana\u00bb.<\/p>\n\n\n\n<p>El Mandatario Nacional insisti\u00f3 en que frente a quienes buscan violencia, sabotaje, explosiones y balas, \u00abyo les digo: voto si, guarimbas no, voto si, violencias no, votos si, balas no\u00bb; raz\u00f3n por la que inst\u00f3 a los venezolanos&nbsp; a ejercer su derecho al voto el pr\u00f3ximo 25 de mayo\u00bb.<\/p>\n\n\n\n<p>En este sentido, es relevante destacar que el Dignatario ha hecho mucho \u00e9nfasis en el resguardo de la paz, la estabilidad, como un ejemplo de la soberan\u00eda nacional frente a las conexiones de la mafia del narcotr\u00e1fico ecuatoriano, alban\u00e9s, colombiano e imperialista para ingresar a Venezuela con objetivos terroristas.<\/p>\n\n\n\n<p><strong>Prensa Presidencial\/Irmary D\u00edaz<\/strong><\/p>\n","protected":false},"excerpt":{"rendered":"<p>Palacio de Miraflores, Caracas.- \u00abFrente a las amenazas que ya ha denunciado el ministro del Poder Popular para las Relaciones Interiores, Justicia y Paz, Diosdado Cabello, sobre que ya hay 38 nuevos mercenarios detenidos; la mafia albanesa en Ecuador mand\u00f3 parte de sus mercenarios entrenados a poner bombas en Venezuela\u00bb, manifest\u00f3&nbsp; el presidente de la [&hellip;]<\/p>\n","protected":false},"author":1,"featured_media":20034,"comment_status":"open","ping_status":"open","sticky":false,"template":"","format":"standard","meta":{"footnotes":""},"categories":[18,7],"tags":[],"class_list":["post-20033","post","type-post","status-publish","format-standard","has-post-thumbnail","hentry","category-noticias-principales","category-notas-de-prensa"],"_links":{"self":[{"href":"https:\/\/prensapresidencialvenezuela.gob.ve\/index.php\/wp-json\/wp\/v2\/posts\/20033","targetHints":{"allow":["GET"]}}],"collection":[{"href":"https:\/\/prensapresidencialvenezuela.gob.ve\/index.php\/wp-json\/wp\/v2\/posts"}],"about":[{"href":"https:\/\/prensapresidencialvenezuela.gob.ve\/index.php\/wp-json\/wp\/v2\/types\/post"}],"author":[{"embeddable":true,"href":"https:\/\/prensapresidencialvenezuela.gob.ve\/index.php\/wp-json\/wp\/v2\/users\/1"}],"replies":[{"embeddable":true,"href":"https:\/\/prensapresidencialvenezuela.gob.ve\/index.php\/wp-json\/wp\/v2\/comments?post=20033"}],"version-history":[{"count":1,"href":"https:\/\/prensapresidencialvenezuela.gob.ve\/index.php\/wp-json\/wp\/v2\/posts\/20033\/revisions"}],"predecessor-version":[{"id":20035,"href":"https:\/\/prensapresidencialvenezuela.gob.ve\/index.php\/wp-json\/wp\/v2\/posts\/20033\/revisions\/20035"}],"wp:featuredmedia":[{"embeddable":true,"href":"https:\/\/prensapresidencialvenezuela.gob.ve\/index.php\/wp-json\/wp\/v2\/media\/20034"}],"wp:attachment":[{"href":"https:\/\/prensapresidencialvenezuela.gob.ve\/index.php\/wp-json\/wp\/v2\/media?parent=20033"}],"wp:term":[{"taxonomy":"category","embeddable":true,"href":"https:\/\/prensapresidencialvenezuela.gob.ve\/index.php\/wp-json\/wp\/v2\/categories?post=20033"},{"taxonomy":"post_tag","embeddable":true,"href":"https:\/\/prensapresidencialvenezuela.gob.ve\/index.php\/wp-json\/wp\/v2\/tags?post=20033"}],"curies":[{"name":"wp","href":"https:\/\/api.w.org\/{rel}","templated":true}]}}