{"id":20039,"date":"2025-05-19T15:51:56","date_gmt":"2025-05-19T19:51:56","guid":{"rendered":"https:\/\/prensapresidencialvenezuela.gob.ve\/?p=20039"},"modified":"2025-05-19T15:51:56","modified_gmt":"2025-05-19T19:51:56","slug":"unidad-popular-la-clave-para-las-elecciones-del-25-de-mayo","status":"publish","type":"post","link":"https:\/\/prensapresidencialvenezuela.gob.ve\/index.php\/2025\/05\/19\/unidad-popular-la-clave-para-las-elecciones-del-25-de-mayo\/","title":{"rendered":"Unidad Popular: La clave para las elecciones del 25 de mayo"},"content":{"rendered":"\n<p><strong>Palacio de Miraflores, Caracas.-<\/strong> El presidente de la Rep\u00fablica Bolivariana de Venezuela, &nbsp;Nicol\u00e1s Maduro, invit\u00f3 a toda la poblaci\u00f3n venezolana a acudir a las urnas el pr\u00f3ximo 25 de mayo, en un acto que fortalece la estabilidad, la paz y la uni\u00f3n nacional. Desde el Palacio de Miraflores, en Caracas, el mandatario reafirm\u00f3 la importancia de movilizar a la ciudadan\u00eda para rechazar los planes de violencia promovidos por sectores desestabilizadores.<\/p>\n\n\n\n<p><strong>La fuerza popular como pilar de resistencia<\/strong><\/p>\n\n\n\n<p>El presidente Maduro destac\u00f3 la movilizaci\u00f3n activa del pueblo, junto con la presencia constante de las fuerzas militares y policiales, para garantizar la tranquilidad durante el proceso electoral. La unidad de la ciudadan\u00eda y las instituciones permite responder con prontitud a cualquier amenaza, consolidando la soberan\u00eda popular y la estabilidad del pa\u00eds.<\/p>\n\n\n\n<p><strong>Compromiso y participaci\u00f3n ciudadana<\/strong><\/p>\n\n\n\n<p>El Mandatario solicit\u00f3 el apoyo de la poblaci\u00f3n venezolana, subrayando que su participaci\u00f3n es decisiva para definir el rumbo del pa\u00eds. La decisi\u00f3n de votar en estas elecciones representa un acto de soberan\u00eda y resistencia frente a las agresiones externas y a los intentos de desestabilizaci\u00f3n.<\/p>\n\n\n\n<p><strong>Defensa de la soberan\u00eda<\/strong><\/p>\n\n\n\n<p>Por primera vez en la historia de Venezuela, en el marco de estos comicios, se elegir\u00e1 a los gobernadores y diputadas del estado de la Guayana Esequiba, territorio soberano en disputa. Este proceso constituye una reafirmaci\u00f3n del leg\u00edtimo derecho del pa\u00eds sobre sus recursos y su territorio.<\/p>\n\n\n\n<p>Venezuela marcha hacia un futuro de unidad, resistencia y soberan\u00eda, reafirmando su compromiso con la construcci\u00f3n de un pa\u00eds justo, democr\u00e1tico y soberano. La participaci\u00f3n del pueblo ser\u00e1 la clave para fortalecer el proyecto de justicia social y soberan\u00eda proclamado por el legado del Libertador Sim\u00f3n Bol\u00edvar.<\/p>\n\n\n\n<p><strong>Prensa Presidencial\/ Luis Tavera<\/strong><\/p>\n","protected":false},"excerpt":{"rendered":"<p>Palacio de Miraflores, Caracas.- El presidente de la Rep\u00fablica Bolivariana de Venezuela, &nbsp;Nicol\u00e1s Maduro, invit\u00f3 a toda la poblaci\u00f3n venezolana a acudir a las urnas el pr\u00f3ximo 25 de mayo, en un acto que fortalece la estabilidad, la paz y la uni\u00f3n nacional. Desde el Palacio de Miraflores, en Caracas, el mandatario reafirm\u00f3 la importancia [&hellip;]<\/p>\n","protected":false},"author":1,"featured_media":20040,"comment_status":"open","ping_status":"open","sticky":false,"template":"","format":"standard","meta":{"footnotes":""},"categories":[18,7],"tags":[],"class_list":["post-20039","post","type-post","status-publish","format-standard","has-post-thumbnail","hentry","category-noticias-principales","category-notas-de-prensa"],"_links":{"self":[{"href":"https:\/\/prensapresidencialvenezuela.gob.ve\/index.php\/wp-json\/wp\/v2\/posts\/20039","targetHints":{"allow":["GET"]}}],"collection":[{"href":"https:\/\/prensapresidencialvenezuela.gob.ve\/index.php\/wp-json\/wp\/v2\/posts"}],"about":[{"href":"https:\/\/prensapresidencialvenezuela.gob.ve\/index.php\/wp-json\/wp\/v2\/types\/post"}],"author":[{"embeddable":true,"href":"https:\/\/prensapresidencialvenezuela.gob.ve\/index.php\/wp-json\/wp\/v2\/users\/1"}],"replies":[{"embeddable":true,"href":"https:\/\/prensapresidencialvenezuela.gob.ve\/index.php\/wp-json\/wp\/v2\/comments?post=20039"}],"version-history":[{"count":1,"href":"https:\/\/prensapresidencialvenezuela.gob.ve\/index.php\/wp-json\/wp\/v2\/posts\/20039\/revisions"}],"predecessor-version":[{"id":20041,"href":"https:\/\/prensapresidencialvenezuela.gob.ve\/index.php\/wp-json\/wp\/v2\/posts\/20039\/revisions\/20041"}],"wp:featuredmedia":[{"embeddable":true,"href":"https:\/\/prensapresidencialvenezuela.gob.ve\/index.php\/wp-json\/wp\/v2\/media\/20040"}],"wp:attachment":[{"href":"https:\/\/prensapresidencialvenezuela.gob.ve\/index.php\/wp-json\/wp\/v2\/media?parent=20039"}],"wp:term":[{"taxonomy":"category","embeddable":true,"href":"https:\/\/prensapresidencialvenezuela.gob.ve\/index.php\/wp-json\/wp\/v2\/categories?post=20039"},{"taxonomy":"post_tag","embeddable":true,"href":"https:\/\/prensapresidencialvenezuela.gob.ve\/index.php\/wp-json\/wp\/v2\/tags?post=20039"}],"curies":[{"name":"wp","href":"https:\/\/api.w.org\/{rel}","templated":true}]}}