{"id":20269,"date":"2025-05-26T14:26:32","date_gmt":"2025-05-26T18:26:32","guid":{"rendered":"https:\/\/prensapresidencialvenezuela.gob.ve\/?p=20269"},"modified":"2025-05-26T14:26:32","modified_gmt":"2025-05-26T18:26:32","slug":"presidente-maduro-mision-cumplida-comandante-chavez","status":"publish","type":"post","link":"https:\/\/prensapresidencialvenezuela.gob.ve\/index.php\/2025\/05\/26\/presidente-maduro-mision-cumplida-comandante-chavez\/","title":{"rendered":"Presidente Maduro: \u00ab\u00a1Misi\u00f3n cumplida, Comandante Ch\u00e1vez!\u00bb"},"content":{"rendered":"\n<p><strong>Caracas, Distrito Capital.- &nbsp;<\/strong>As\u00ed lo destac\u00f3<strong> <\/strong>el presidente de la Rep\u00fablica Bolivariana de Venezuela, Nicol\u00e1s Maduro, desde la emblem\u00e1tica plaza Bol\u00edvar, desde all\u00ed, refiri\u00f3 que las elecciones regionales y parlamentarias transcurrieron de forma pac\u00edfica, lo que catalog\u00f3 como una victoria del pueblo venezolano.<\/p>\n\n\n\n<p>\u00abEs la victoria de la paz y la estabilidad. Es la victoria que le pertenece a los que amamos el pa\u00eds\u00bb, dijo el Mandatario Nacional, desde la plaza Bol\u00edvar de Caracas, luego del balance ofrecido por el Consejo Nacional Electoral, en horas de la medianoche de este lunes.<\/p>\n\n\n\n<p>En tal sentido, record\u00f3 los triunfos obtenidos por los representantes del Gran Polo Patri\u00f3tico Sim\u00f3n Bol\u00edvar en las diferentes entidades del pa\u00eds, destacando especialmente el \u00e9xito obtenido en estados como Zulia, Bol\u00edvar, Monagas, Aragua, Sucre, Delta Amacuro, y fundamentalmente, Barinas, donde la Revoluci\u00f3n recupera nuevamente las riendas del estado.<\/p>\n\n\n\n<p>Igualmente, reconoci\u00f3 la victoria del candidato opositor del partido \u00abVamos\u00bb Cojedes, Alberto Gal\u00edndez, y se puso a la orden para trabajar de forma conjunta.<\/p>\n\n\n\n<p><strong>Caracas obtuvo r\u00e9cord<\/strong><\/p>\n\n\n\n<p>El jefe de Estado felicit\u00f3 al pueblo de Caracas por lograr el r\u00e9cord de 84% de participaci\u00f3n, teniendo como resultado 12 de los 13 esca\u00f1os a la Asamblea Nacional.<\/p>\n\n\n\n<p>\u00abEstamos contentos por la realizaci\u00f3n en paz de estas elecciones\u00bb, mencion\u00f3.<\/p>\n\n\n\n<p><strong>El Esequibo tiene gobernador<\/strong><\/p>\n\n\n\n<p>\u00abLa Guayana Esequiba tiene gobernador, el almirante Neil Villamizar\u00bb, inform\u00f3 el Mandatario nacional, para luego recordar que es primera vez que este territorio elige su mandatario local.<\/p>\n\n\n\n<p>\u00abFue electo por el pueblo y va a tener todo el apoyo, para que el pueblo del Esequibo tenga todos los derechos como pueblo de Venezuela\u00bb, refiri\u00f3.<\/p>\n\n\n\n<p><strong>Juntos Todo es Posible arrancar\u00e1 obras<\/strong><\/p>\n\n\n\n<p>El Mandatario Nacional detall\u00f3 que ya est\u00e1 a la espera de los resultados de los diez circuitos m\u00e1s votados en cada estado, para que la Corporaci\u00f3n Juntos Todo es Posible vaya a cada uno a construir obras de inter\u00e9s colectivo y que el pueblo necesite, tal y como prometi\u00f3 recientemente.<\/p>\n\n\n\n<p><strong>Prensa Presidencial\/ Iliana Rosales<\/strong><\/p>\n","protected":false},"excerpt":{"rendered":"<p>Caracas, Distrito Capital.- &nbsp;As\u00ed lo destac\u00f3 el presidente de la Rep\u00fablica Bolivariana de Venezuela, Nicol\u00e1s Maduro, desde la emblem\u00e1tica plaza Bol\u00edvar, desde all\u00ed, refiri\u00f3 que las elecciones regionales y parlamentarias transcurrieron de forma pac\u00edfica, lo que catalog\u00f3 como una victoria del pueblo venezolano. \u00abEs la victoria de la paz y la estabilidad. Es la victoria [&hellip;]<\/p>\n","protected":false},"author":1,"featured_media":20270,"comment_status":"open","ping_status":"open","sticky":false,"template":"","format":"standard","meta":{"footnotes":""},"categories":[18,7],"tags":[],"class_list":["post-20269","post","type-post","status-publish","format-standard","has-post-thumbnail","hentry","category-noticias-principales","category-notas-de-prensa"],"_links":{"self":[{"href":"https:\/\/prensapresidencialvenezuela.gob.ve\/index.php\/wp-json\/wp\/v2\/posts\/20269","targetHints":{"allow":["GET"]}}],"collection":[{"href":"https:\/\/prensapresidencialvenezuela.gob.ve\/index.php\/wp-json\/wp\/v2\/posts"}],"about":[{"href":"https:\/\/prensapresidencialvenezuela.gob.ve\/index.php\/wp-json\/wp\/v2\/types\/post"}],"author":[{"embeddable":true,"href":"https:\/\/prensapresidencialvenezuela.gob.ve\/index.php\/wp-json\/wp\/v2\/users\/1"}],"replies":[{"embeddable":true,"href":"https:\/\/prensapresidencialvenezuela.gob.ve\/index.php\/wp-json\/wp\/v2\/comments?post=20269"}],"version-history":[{"count":1,"href":"https:\/\/prensapresidencialvenezuela.gob.ve\/index.php\/wp-json\/wp\/v2\/posts\/20269\/revisions"}],"predecessor-version":[{"id":20271,"href":"https:\/\/prensapresidencialvenezuela.gob.ve\/index.php\/wp-json\/wp\/v2\/posts\/20269\/revisions\/20271"}],"wp:featuredmedia":[{"embeddable":true,"href":"https:\/\/prensapresidencialvenezuela.gob.ve\/index.php\/wp-json\/wp\/v2\/media\/20270"}],"wp:attachment":[{"href":"https:\/\/prensapresidencialvenezuela.gob.ve\/index.php\/wp-json\/wp\/v2\/media?parent=20269"}],"wp:term":[{"taxonomy":"category","embeddable":true,"href":"https:\/\/prensapresidencialvenezuela.gob.ve\/index.php\/wp-json\/wp\/v2\/categories?post=20269"},{"taxonomy":"post_tag","embeddable":true,"href":"https:\/\/prensapresidencialvenezuela.gob.ve\/index.php\/wp-json\/wp\/v2\/tags?post=20269"}],"curies":[{"name":"wp","href":"https:\/\/api.w.org\/{rel}","templated":true}]}}