{"id":20272,"date":"2025-05-26T18:29:52","date_gmt":"2025-05-26T22:29:52","guid":{"rendered":"https:\/\/prensapresidencialvenezuela.gob.ve\/?p=20272"},"modified":"2025-05-26T22:09:36","modified_gmt":"2025-05-27T02:09:36","slug":"gano-venezuela-el-pueblo-de-venezuela-reafirmo-su-derecho-a-la-paz","status":"publish","type":"post","link":"https:\/\/prensapresidencialvenezuela.gob.ve\/index.php\/2025\/05\/26\/gano-venezuela-el-pueblo-de-venezuela-reafirmo-su-derecho-a-la-paz\/","title":{"rendered":"Gan\u00f3 Venezuela: El pueblo de Venezuela reafirm\u00f3 su derecho a la paz"},"content":{"rendered":"\n<p><strong>Palacio de Miraflores, Caracas. &#8211;<\/strong> El presidente de la Rep\u00fablica Bolivariana de Venezuela, Nicol\u00e1s Maduro, celebra a trav\u00e9s de sus redes sociales el triunfo del Gran Polo Patri\u00f3tico, reafirmando el compromiso con el poder popular y la construcci\u00f3n de un futuro justo.<\/p>\n\n\n\n<p>\u00abLas Gobernadoras y los Gobernadores del Gran Polo Patri\u00f3tico &#8216;Sim\u00f3n Bol\u00edvar&#8217;, electos por la voluntad del soberano el 25 de mayo, hicieron una campa\u00f1a hermosa de la mano de la mujer y el hombre de a pie. No es cualquier cosa el triunfo que lograron junto al Pueblo que espera lo mejor de ustedes.\u00bb<\/p>\n\n\n\n<p>Con esta declaraci\u00f3n, el Mandatario resalt\u00f3 la participaci\u00f3n activa y victoriosa del pueblo venezolano en la defensa de su autonom\u00eda y dignidad, demostrando que la verdadera fuerza reside en la uni\u00f3n de las clases populares.<\/p>\n\n\n\n<figure class=\"wp-block-image size-large\"><img fetchpriority=\"high\" decoding=\"async\" width=\"1024\" height=\"682\" src=\"https:\/\/prensapresidencialvenezuela.gob.ve\/wp-content\/uploads\/2025\/05\/photo_5017086491599417638_w-1024x682.jpg\" alt=\"\" class=\"wp-image-20274\" srcset=\"https:\/\/prensapresidencialvenezuela.gob.ve\/wp-content\/uploads\/2025\/05\/photo_5017086491599417638_w-1024x682.jpg 1024w, https:\/\/prensapresidencialvenezuela.gob.ve\/wp-content\/uploads\/2025\/05\/photo_5017086491599417638_w-300x200.jpg 300w, https:\/\/prensapresidencialvenezuela.gob.ve\/wp-content\/uploads\/2025\/05\/photo_5017086491599417638_w-768x512.jpg 768w, https:\/\/prensapresidencialvenezuela.gob.ve\/wp-content\/uploads\/2025\/05\/photo_5017086491599417638_w-1536x1024.jpg 1536w, https:\/\/prensapresidencialvenezuela.gob.ve\/wp-content\/uploads\/2025\/05\/photo_5017086491599417638_w-2048x1365.jpg 2048w\" sizes=\"(max-width: 1024px) 100vw, 1024px\" \/><\/figure>\n\n\n\n<p>Seguidamente, el presidente reafirm\u00f3:&nbsp;<\/p>\n\n\n\n<p>\u00ab\u00a1Mis felicitaciones! Es la gran victoria de la Paz y la estabilidad de Venezuela. Vamos a trabajar codo a codo, con el joven, la abuela, el abuelo, el trabajador, el vecino y la vecina en las comunidades y en el territorio. \u00a1Somos la Gente que Resuelve!\u00bb&nbsp;<\/p>\n\n\n\n<figure class=\"wp-block-gallery has-nested-images columns-default is-cropped wp-block-gallery-1 is-layout-flex wp-block-gallery-is-layout-flex\">\n<figure class=\"wp-block-image size-large\"><img decoding=\"async\" width=\"819\" height=\"1024\" data-id=\"20275\" src=\"https:\/\/prensapresidencialvenezuela.gob.ve\/wp-content\/uploads\/2025\/05\/RESULTADOS_Mesa-de-trabajo-1-copia-6-819x1024.jpg\" alt=\"\" class=\"wp-image-20275\" srcset=\"https:\/\/prensapresidencialvenezuela.gob.ve\/wp-content\/uploads\/2025\/05\/RESULTADOS_Mesa-de-trabajo-1-copia-6-819x1024.jpg 819w, https:\/\/prensapresidencialvenezuela.gob.ve\/wp-content\/uploads\/2025\/05\/RESULTADOS_Mesa-de-trabajo-1-copia-6-240x300.jpg 240w, https:\/\/prensapresidencialvenezuela.gob.ve\/wp-content\/uploads\/2025\/05\/RESULTADOS_Mesa-de-trabajo-1-copia-6-768x960.jpg 768w, https:\/\/prensapresidencialvenezuela.gob.ve\/wp-content\/uploads\/2025\/05\/RESULTADOS_Mesa-de-trabajo-1-copia-6-1229x1536.jpg 1229w, https:\/\/prensapresidencialvenezuela.gob.ve\/wp-content\/uploads\/2025\/05\/RESULTADOS_Mesa-de-trabajo-1-copia-6-1638x2048.jpg 1638w, https:\/\/prensapresidencialvenezuela.gob.ve\/wp-content\/uploads\/2025\/05\/RESULTADOS_Mesa-de-trabajo-1-copia-6-scaled.jpg 2048w\" sizes=\"(max-width: 819px) 100vw, 819px\" \/><\/figure>\n<\/figure>\n\n\n\n<p>Este mensaje busca fortalecer el compromiso colectivo de seguir construyendo una Venezuela soberana, inclusiva y socialista, donde los derechos del pueblo sean prioridad frente a la confrontaci\u00f3n y las campa\u00f1as de la derecha internacional.<\/p>\n\n\n\n<p>La participaci\u00f3n electoral alcanz\u00f3 un 42,63%, con m\u00e1s de 5,5 millones de venezolanos y venezolanas ejerciendo su derecho al voto en una jornada que, a pesar de las dificultades, fue calificada por el Sistema Electoral Nacional como un \u00e9xito en la defensa de la democracia popular.<\/p>\n\n\n\n<figure class=\"wp-block-gallery has-nested-images columns-default is-cropped wp-block-gallery-2 is-layout-flex wp-block-gallery-is-layout-flex\">\n<figure class=\"wp-block-image size-large\"><img decoding=\"async\" width=\"819\" height=\"1024\" data-id=\"20276\" src=\"https:\/\/prensapresidencialvenezuela.gob.ve\/wp-content\/uploads\/2025\/05\/RESULTADOS_Mesa-de-trabajo-1-copia-7-819x1024.jpg\" alt=\"\" class=\"wp-image-20276\" srcset=\"https:\/\/prensapresidencialvenezuela.gob.ve\/wp-content\/uploads\/2025\/05\/RESULTADOS_Mesa-de-trabajo-1-copia-7-819x1024.jpg 819w, https:\/\/prensapresidencialvenezuela.gob.ve\/wp-content\/uploads\/2025\/05\/RESULTADOS_Mesa-de-trabajo-1-copia-7-240x300.jpg 240w, https:\/\/prensapresidencialvenezuela.gob.ve\/wp-content\/uploads\/2025\/05\/RESULTADOS_Mesa-de-trabajo-1-copia-7-768x960.jpg 768w, https:\/\/prensapresidencialvenezuela.gob.ve\/wp-content\/uploads\/2025\/05\/RESULTADOS_Mesa-de-trabajo-1-copia-7-1229x1536.jpg 1229w, https:\/\/prensapresidencialvenezuela.gob.ve\/wp-content\/uploads\/2025\/05\/RESULTADOS_Mesa-de-trabajo-1-copia-7-1638x2048.jpg 1638w, https:\/\/prensapresidencialvenezuela.gob.ve\/wp-content\/uploads\/2025\/05\/RESULTADOS_Mesa-de-trabajo-1-copia-7-scaled.jpg 2048w\" sizes=\"(max-width: 819px) 100vw, 819px\" \/><\/figure>\n<\/figure>\n\n\n\n<p>Los resultados ratifican tambi\u00e9n el rechazo de la poblaci\u00f3n a las pol\u00edticas de la derecha, que obtuvo un porcentaje m\u00ednimo de apoyo, evidenciando que las fuerzas opositoras siguen sin capacidad de representar los intereses del pueblo venezolano.<\/p>\n\n\n\n<p>Es as\u00ed, como el acuerdo democr\u00e1tico reafirma el compromiso del gobierno de Venezuela con la continuidad del proceso socialista, la protecci\u00f3n de la soberan\u00eda y el fortalecimiento del poder popular como base de una sociedad m\u00e1s justa y equitativa.<\/p>\n\n\n\n<p><strong>Prensa Presidencial\/ Luis Tavera<\/strong><\/p>\n","protected":false},"excerpt":{"rendered":"<p>Palacio de Miraflores, Caracas. &#8211; El presidente de la Rep\u00fablica Bolivariana de Venezuela, Nicol\u00e1s Maduro, celebra a trav\u00e9s de sus redes sociales el triunfo del Gran Polo Patri\u00f3tico, reafirmando el compromiso con el poder popular y la construcci\u00f3n de un futuro justo. \u00abLas Gobernadoras y los Gobernadores del Gran Polo Patri\u00f3tico &#8216;Sim\u00f3n Bol\u00edvar&#8217;, electos por [&hellip;]<\/p>\n","protected":false},"author":1,"featured_media":20273,"comment_status":"open","ping_status":"open","sticky":false,"template":"","format":"standard","meta":{"footnotes":""},"categories":[7],"tags":[],"class_list":["post-20272","post","type-post","status-publish","format-standard","has-post-thumbnail","hentry","category-notas-de-prensa"],"_links":{"self":[{"href":"https:\/\/prensapresidencialvenezuela.gob.ve\/index.php\/wp-json\/wp\/v2\/posts\/20272","targetHints":{"allow":["GET"]}}],"collection":[{"href":"https:\/\/prensapresidencialvenezuela.gob.ve\/index.php\/wp-json\/wp\/v2\/posts"}],"about":[{"href":"https:\/\/prensapresidencialvenezuela.gob.ve\/index.php\/wp-json\/wp\/v2\/types\/post"}],"author":[{"embeddable":true,"href":"https:\/\/prensapresidencialvenezuela.gob.ve\/index.php\/wp-json\/wp\/v2\/users\/1"}],"replies":[{"embeddable":true,"href":"https:\/\/prensapresidencialvenezuela.gob.ve\/index.php\/wp-json\/wp\/v2\/comments?post=20272"}],"version-history":[{"count":2,"href":"https:\/\/prensapresidencialvenezuela.gob.ve\/index.php\/wp-json\/wp\/v2\/posts\/20272\/revisions"}],"predecessor-version":[{"id":20297,"href":"https:\/\/prensapresidencialvenezuela.gob.ve\/index.php\/wp-json\/wp\/v2\/posts\/20272\/revisions\/20297"}],"wp:featuredmedia":[{"embeddable":true,"href":"https:\/\/prensapresidencialvenezuela.gob.ve\/index.php\/wp-json\/wp\/v2\/media\/20273"}],"wp:attachment":[{"href":"https:\/\/prensapresidencialvenezuela.gob.ve\/index.php\/wp-json\/wp\/v2\/media?parent=20272"}],"wp:term":[{"taxonomy":"category","embeddable":true,"href":"https:\/\/prensapresidencialvenezuela.gob.ve\/index.php\/wp-json\/wp\/v2\/categories?post=20272"},{"taxonomy":"post_tag","embeddable":true,"href":"https:\/\/prensapresidencialvenezuela.gob.ve\/index.php\/wp-json\/wp\/v2\/tags?post=20272"}],"curies":[{"name":"wp","href":"https:\/\/api.w.org\/{rel}","templated":true}]}}