{"id":20278,"date":"2025-05-26T20:01:07","date_gmt":"2025-05-27T00:01:07","guid":{"rendered":"https:\/\/prensapresidencialvenezuela.gob.ve\/?p=20278"},"modified":"2025-05-26T20:03:00","modified_gmt":"2025-05-27T00:03:00","slug":"25mayo-una-victoria-contra-el-fascismo-y-los-terroristas-una-victoria-que-se-ha-logrado-a-pulso","status":"publish","type":"post","link":"https:\/\/prensapresidencialvenezuela.gob.ve\/index.php\/2025\/05\/26\/25mayo-una-victoria-contra-el-fascismo-y-los-terroristas-una-victoria-que-se-ha-logrado-a-pulso\/","title":{"rendered":"#25Mayo: \u00abUna victoria contra el fascismo y los terroristas, que se ha logrado a pulso\u00bb.\u00a0"},"content":{"rendered":"\n<p><strong>La Carlota, estado Miranda.-<\/strong> Durante su programa N.\u00ba 80 de <em>Con Maduro +,<\/em> el presidente de la Rep\u00fablica Bolivariana de Venezuela, Nicol\u00e1s Maduro Moros, realz\u00f3 el proceso democr\u00e1tico y participativo que se vivi\u00f3 el d\u00eda de ayer, resaltando que la jornada del domingo 25 de mayo fue de paz, una victoria contra el fascismo y los terroristas, una victoria que se ha logrado a pulso.&nbsp;<\/p>\n\n\n\n<p>En este sentido, el jefe de Estado se\u00f1al\u00f3, de manera contundente, que la vieja democracia ya no representa el empuje de la historia, porque \u00abla vanguardia surge desde Venezuela de manera modesta y humilde, como una alternativa de democracia directa desde lo comunal, desde el pueblo y el autogobierno popular\u00bb.<\/p>\n\n\n\n<p><strong>Construcci\u00f3n de un nuevo poder desde las bases del Poder Popular<\/strong><\/p>\n\n\n\n<p>En base a ello, dijo que este triunfo tambi\u00e9n \u00abha sido un regalo, una oportunidad de Dios para que el pueblo venezolano se reencuentre, dialogue y tenga un proyecto com\u00fan como pa\u00eds para desarrollo de nuevas ideas, que conducir\u00e1n al pa\u00eds a la soluci\u00f3n concreta en la acci\u00f3n de los problemas del pueblo y construir un nuevo poder\u00bb.<\/p>\n\n\n\n<p><strong><em>\u00ab<\/em>En Venezuela quien tiene m\u00e1s poder ahora es el pueblo de base<em>\u00bb,<\/em> resalt\u00f3<\/strong>.<\/p>\n\n\n\n<p>Al mismo tiempo, el Mandatario nacional record\u00f3 que el pueblo venezolano envi\u00f3 un mensaje claro con la victoria en las elecciones regionales y legislativas, y es la edificaci\u00f3n de un nuevo poder, el poder del hombre y la mujer de a pie, de las comunidades, del territorio, de una nueva democracia que se enfrent\u00f3 a la decadencia y el colapso de la vieja civilizaci\u00f3n occidental: la vieja democracia liberal y burguesa.<\/p>\n\n\n\n<p>Por otra parte, ha subrayado que en estos comicios es como que \u00able echamos agua bendita a un diablo que ven\u00eda arremeter en contra del pa\u00eds, con toda su furia, para impedir que se desarrollaran las elecciones, pero otra vez lo intentaron y los derrotamos \u00a1La furia del fascismo lo intent\u00f3, pero no pudieron y no se lo vamos a permitir!<\/p>\n\n\n\n<p><strong>#25Mayo Elecci\u00f3n ejemplar<\/strong><\/p>\n\n\n\n<p>Mediante el desarrollo del programa, el Presidente destac\u00f3 la participaci\u00f3n ejemplar de esta fecha hist\u00f3rica en la naci\u00f3n, porque se vivi\u00f3 un proceso en paz, con alt\u00edsima participaci\u00f3n, con respeto y, sobre todo, con madurez pol\u00edtica.<\/p>\n\n\n\n<p>Adem\u00e1s, manifest\u00f3 su alegr\u00eda y reconocimiento ante el Gran Polo Patri\u00f3tico Sim\u00f3n Bol\u00edvar (GPPSB), por todos los candidatos y candidatas que resultaron electos, como los gobernadores, diputados regionales, diputados nacionales; reiter\u00e1ndoles a su vez, que deben accionar con humildad, entrega y responsabilidad.<\/p>\n\n\n\n<p><strong>Prensa Presidencial\/ Irmary D\u00edaz<\/strong><\/p>\n","protected":false},"excerpt":{"rendered":"<p>La Carlota, estado Miranda.- Durante su programa N.\u00ba 80 de Con Maduro +, el presidente de la Rep\u00fablica Bolivariana de Venezuela, Nicol\u00e1s Maduro Moros, realz\u00f3 el proceso democr\u00e1tico y participativo que se vivi\u00f3 el d\u00eda de ayer, resaltando que la jornada del domingo 25 de mayo fue de paz, una victoria contra el fascismo y [&hellip;]<\/p>\n","protected":false},"author":1,"featured_media":20279,"comment_status":"open","ping_status":"open","sticky":false,"template":"","format":"standard","meta":{"footnotes":""},"categories":[18,7],"tags":[],"class_list":["post-20278","post","type-post","status-publish","format-standard","has-post-thumbnail","hentry","category-noticias-principales","category-notas-de-prensa"],"_links":{"self":[{"href":"https:\/\/prensapresidencialvenezuela.gob.ve\/index.php\/wp-json\/wp\/v2\/posts\/20278","targetHints":{"allow":["GET"]}}],"collection":[{"href":"https:\/\/prensapresidencialvenezuela.gob.ve\/index.php\/wp-json\/wp\/v2\/posts"}],"about":[{"href":"https:\/\/prensapresidencialvenezuela.gob.ve\/index.php\/wp-json\/wp\/v2\/types\/post"}],"author":[{"embeddable":true,"href":"https:\/\/prensapresidencialvenezuela.gob.ve\/index.php\/wp-json\/wp\/v2\/users\/1"}],"replies":[{"embeddable":true,"href":"https:\/\/prensapresidencialvenezuela.gob.ve\/index.php\/wp-json\/wp\/v2\/comments?post=20278"}],"version-history":[{"count":3,"href":"https:\/\/prensapresidencialvenezuela.gob.ve\/index.php\/wp-json\/wp\/v2\/posts\/20278\/revisions"}],"predecessor-version":[{"id":20282,"href":"https:\/\/prensapresidencialvenezuela.gob.ve\/index.php\/wp-json\/wp\/v2\/posts\/20278\/revisions\/20282"}],"wp:featuredmedia":[{"embeddable":true,"href":"https:\/\/prensapresidencialvenezuela.gob.ve\/index.php\/wp-json\/wp\/v2\/media\/20279"}],"wp:attachment":[{"href":"https:\/\/prensapresidencialvenezuela.gob.ve\/index.php\/wp-json\/wp\/v2\/media?parent=20278"}],"wp:term":[{"taxonomy":"category","embeddable":true,"href":"https:\/\/prensapresidencialvenezuela.gob.ve\/index.php\/wp-json\/wp\/v2\/categories?post=20278"},{"taxonomy":"post_tag","embeddable":true,"href":"https:\/\/prensapresidencialvenezuela.gob.ve\/index.php\/wp-json\/wp\/v2\/tags?post=20278"}],"curies":[{"name":"wp","href":"https:\/\/api.w.org\/{rel}","templated":true}]}}