{"id":2028,"date":"2022-05-25T17:37:00","date_gmt":"2022-05-25T17:37:00","guid":{"rendered":"http:\/\/172.27.0.121\/?p=2028"},"modified":"2022-07-01T17:50:27","modified_gmt":"2022-07-01T17:50:27","slug":"el-aissami-coordinara-plan-piloto-de-industrializacion-de-los-barrios-en-todo-el-pais","status":"publish","type":"post","link":"https:\/\/prensapresidencialvenezuela.gob.ve\/index.php\/2022\/05\/25\/el-aissami-coordinara-plan-piloto-de-industrializacion-de-los-barrios-en-todo-el-pais\/","title":{"rendered":"El Aissami coordinar\u00e1 Plan Piloto de Industrializaci\u00f3n de los Barrios en todo el pa\u00eds"},"content":{"rendered":"\n<p><strong>Parroquia 23 de Enero, Caracas.-<\/strong> El presidente de la Rep\u00fablica, Nicol\u00e1s Maduro Moros, orden\u00f3 este 25 de mayo implementar un Plan Piloto de Industrializaci\u00f3n de los Barrios de las ciudades del pa\u00eds como m\u00e9todo de desarrollo productivo.<\/p>\n\n\n\n<p>A cargo de este Plan estar\u00e1 el vicepresidente sectorial para el \u00e1rea econ\u00f3mica, Tareck El Aissami, quien tendr\u00e1 la responsabilidad de articular con todos los Ministerios y entes del Estado venezolano para el desarrollo de este programa productivo.<\/p>\n\n\n\n<p>\u201cAprobado y que venga inmediatamente el ministro, compa\u00f1ero y vicepresidente de econom\u00eda, Tareck El Aissami, y me haga este Plan Piloto de Industrializaci\u00f3n de los Barrios para el desarrollo industrial productivo; pasar de la resistencia a la emancipaci\u00f3n\u201d, expres\u00f3 Maduro.<\/p>\n\n\n\n<p>Durante una jornada de Mi\u00e9rcoles Productivo, dedicada al Motor Comunal, llevada a cabo en la parroquia 23 de Enero de la ciudad de Caracas; el Jefe de Estado y de Gobierno adem\u00e1s instruy\u00f3 avanzar hacia la democratizaci\u00f3n de las Comunas y Consejos Comunales en el marco de las 3R.Nets.<\/p>\n\n\n\n<p>Asimismo, el presidente Maduro orient\u00f3 a los ministros del Poder Popular para la Alimentaci\u00f3n, Carlos Leal Teller\u00eda, y de Pesca y Acuicultura, Juan Carlos Loyo, garantizar prote\u00edna animal, a trav\u00e9s del Plan Nacional de Tilapia, a los siete millones de hogares que son alcanzados en la actualidad por los Comit\u00e9s Locales de Abastecimiento y Producci\u00f3n (CLAP).<\/p>\n\n\n\n<p>Hasta la fecha, Venezuela cuenta con 49 mil 178 Consejos Comunales, de los cuales 40 mil 640 ya est\u00e1n organizados de forma productiva. Igualmente se han registrado 3 mil 640 Comunas en todo el pa\u00eds.<\/p>\n\n\n\n<p>\u201cSon datos contundentes de que la revoluci\u00f3n comunera, socialista del siglo XXI goza de buena salud comunal, pica y se extiende. Seguimos con la bandera de Ch\u00e1vez viva, ondeante, saludable y fuerte\u201d, destac\u00f3.<\/p>\n\n\n\n<p>En ese sentido, el Dignatario orden\u00f3 respaldar con log\u00edstica, insumos y financiamiento a estas organizaciones. \u201cAll\u00ed est\u00e1 el Banco Bicentenario que tiene que ser, como ha sido definido, el Banco Bicentenario de las Comunas, para financiar los proyectos\u201d, apunt\u00f3.<\/p>\n\n\n\n<p><strong>Prensa Presidencial\/Bianca Borrero<\/strong><\/p>\n","protected":false},"excerpt":{"rendered":"<p>Parroquia 23 de Enero, Caracas.- El presidente de la Rep\u00fablica, Nicol\u00e1s Maduro Moros, orden\u00f3 este 25 de mayo implementar un Plan Piloto de Industrializaci\u00f3n de los Barrios de las ciudades del pa\u00eds como m\u00e9todo de desarrollo productivo. A cargo de este Plan estar\u00e1 el vicepresidente sectorial para el \u00e1rea econ\u00f3mica, Tareck El Aissami, quien tendr\u00e1 [&hellip;]<\/p>\n","protected":false},"author":6,"featured_media":2030,"comment_status":"open","ping_status":"open","sticky":false,"template":"","format":"standard","meta":{"footnotes":""},"categories":[7],"tags":[],"class_list":["post-2028","post","type-post","status-publish","format-standard","has-post-thumbnail","hentry","category-notas-de-prensa"],"_links":{"self":[{"href":"https:\/\/prensapresidencialvenezuela.gob.ve\/index.php\/wp-json\/wp\/v2\/posts\/2028","targetHints":{"allow":["GET"]}}],"collection":[{"href":"https:\/\/prensapresidencialvenezuela.gob.ve\/index.php\/wp-json\/wp\/v2\/posts"}],"about":[{"href":"https:\/\/prensapresidencialvenezuela.gob.ve\/index.php\/wp-json\/wp\/v2\/types\/post"}],"author":[{"embeddable":true,"href":"https:\/\/prensapresidencialvenezuela.gob.ve\/index.php\/wp-json\/wp\/v2\/users\/6"}],"replies":[{"embeddable":true,"href":"https:\/\/prensapresidencialvenezuela.gob.ve\/index.php\/wp-json\/wp\/v2\/comments?post=2028"}],"version-history":[{"count":1,"href":"https:\/\/prensapresidencialvenezuela.gob.ve\/index.php\/wp-json\/wp\/v2\/posts\/2028\/revisions"}],"predecessor-version":[{"id":2029,"href":"https:\/\/prensapresidencialvenezuela.gob.ve\/index.php\/wp-json\/wp\/v2\/posts\/2028\/revisions\/2029"}],"wp:featuredmedia":[{"embeddable":true,"href":"https:\/\/prensapresidencialvenezuela.gob.ve\/index.php\/wp-json\/wp\/v2\/media\/2030"}],"wp:attachment":[{"href":"https:\/\/prensapresidencialvenezuela.gob.ve\/index.php\/wp-json\/wp\/v2\/media?parent=2028"}],"wp:term":[{"taxonomy":"category","embeddable":true,"href":"https:\/\/prensapresidencialvenezuela.gob.ve\/index.php\/wp-json\/wp\/v2\/categories?post=2028"},{"taxonomy":"post_tag","embeddable":true,"href":"https:\/\/prensapresidencialvenezuela.gob.ve\/index.php\/wp-json\/wp\/v2\/tags?post=2028"}],"curies":[{"name":"wp","href":"https:\/\/api.w.org\/{rel}","templated":true}]}}