{"id":20283,"date":"2025-05-26T20:46:44","date_gmt":"2025-05-27T00:46:44","guid":{"rendered":"https:\/\/prensapresidencialvenezuela.gob.ve\/?p=20283"},"modified":"2025-05-26T20:46:45","modified_gmt":"2025-05-27T00:46:45","slug":"jefe-de-estado-denuncia-a-volker-turk-por-complicidad-en-el-silencio-frente-a-violaciones-de-dd-hh","status":"publish","type":"post","link":"https:\/\/prensapresidencialvenezuela.gob.ve\/index.php\/2025\/05\/26\/jefe-de-estado-denuncia-a-volker-turk-por-complicidad-en-el-silencio-frente-a-violaciones-de-dd-hh\/","title":{"rendered":"Jefe de Estado denuncia a Volker T\u00fcrk por complicidad en el silencio frente a violaciones de DD.HH."},"content":{"rendered":"\n<p><strong>La Carlota, estado Miranda.<\/strong><strong>&#8211; <\/strong>El presidente de la Rep\u00fablica Bolivariana de Venezuela, Nicol\u00e1s Maduro Moros, destac\u00f3, con relaci\u00f3n a los planes desestabilizadores que intent\u00f3 ejercer la derecha internacional en Venezuela, previo a los comicios electorales del #25Mayo, que ellos han cometido violaciones contra los Derechos Humanos (DD.HH.), y, aun as\u00ed, levantan un movimiento de opini\u00f3n que \u00abes una forma de tener un relato que cubra a quienes ellos mueven a lo interno del pa\u00eds o desde el exterior\u00bb.<\/p>\n\n\n\n<p>En este sentido, responsabiliz\u00f3 a Volker T\u00fcrk como uno de los c\u00f3mplices, \u00abel cobarde mayor\u00bb, se\u00f1alando adem\u00e1s que este Alto Comisionado de las Naciones Unidas (ONU) para los Derechos Humanos, \u00abes un cobarde y ha callado ante la masacre de ni\u00f1os y ni\u00f1as en los atentados en Gaza, frente a la masacre del pueblo del L\u00edbano, Siria, y frente al secuestro y desaparici\u00f3n forzada en campos de concentraci\u00f3n en El Salvador\u00bb, en donde se mantienen secuestrados 253 venezolanos.<\/p>\n\n\n\n<p>En el mismo orden de ideas, el Presidente precis\u00f3 que el Gobierno revolucionario ha capturado a varios mercenarios extranjeros que se cubren con un carnet de defensor de los DD.HH. y lo que \u00abvienen es a matar en Venezuela y despu\u00e9s levantan un movimiento de opini\u00f3n all\u00e1, en Europa\u00bb.<\/p>\n\n\n\n<p>Al mismo tiempo, realiz\u00f3 las siguientes interrogantes: \u00bfTenemos que dejarnos matar, que nos pongan bombas, que maten a venezolanos inocentes, que ataquen objetivos vitales del pa\u00eds?, respondiendo a su vez, que en Venezuela existe una fuerza constitucional que se respeta, y que el que \u00abvenga a conspirar ser\u00e1 capturado y enjuiciado de acuerdo a las leyes de Venezuela\u00bb.<\/p>\n\n\n\n<p>Por otra parte, resalt\u00f3 el papel tan importante de las fuerzas del pueblo, de los militares y de los cuerpos policiales del pa\u00eds, porque \u00absalvaron a toda Venezuela de la violencia del terrorismo y nuevamente de las guarimbas\u00bb.<\/p>\n\n\n\n<p><strong>Prensa Presidencial\/ Irmary D\u00edaz<\/strong><\/p>\n","protected":false},"excerpt":{"rendered":"<p>La Carlota, estado Miranda.&#8211; El presidente de la Rep\u00fablica Bolivariana de Venezuela, Nicol\u00e1s Maduro Moros, destac\u00f3, con relaci\u00f3n a los planes desestabilizadores que intent\u00f3 ejercer la derecha internacional en Venezuela, previo a los comicios electorales del #25Mayo, que ellos han cometido violaciones contra los Derechos Humanos (DD.HH.), y, aun as\u00ed, levantan un movimiento de opini\u00f3n [&hellip;]<\/p>\n","protected":false},"author":1,"featured_media":20284,"comment_status":"open","ping_status":"open","sticky":false,"template":"","format":"standard","meta":{"footnotes":""},"categories":[18,7],"tags":[],"class_list":["post-20283","post","type-post","status-publish","format-standard","has-post-thumbnail","hentry","category-noticias-principales","category-notas-de-prensa"],"_links":{"self":[{"href":"https:\/\/prensapresidencialvenezuela.gob.ve\/index.php\/wp-json\/wp\/v2\/posts\/20283","targetHints":{"allow":["GET"]}}],"collection":[{"href":"https:\/\/prensapresidencialvenezuela.gob.ve\/index.php\/wp-json\/wp\/v2\/posts"}],"about":[{"href":"https:\/\/prensapresidencialvenezuela.gob.ve\/index.php\/wp-json\/wp\/v2\/types\/post"}],"author":[{"embeddable":true,"href":"https:\/\/prensapresidencialvenezuela.gob.ve\/index.php\/wp-json\/wp\/v2\/users\/1"}],"replies":[{"embeddable":true,"href":"https:\/\/prensapresidencialvenezuela.gob.ve\/index.php\/wp-json\/wp\/v2\/comments?post=20283"}],"version-history":[{"count":1,"href":"https:\/\/prensapresidencialvenezuela.gob.ve\/index.php\/wp-json\/wp\/v2\/posts\/20283\/revisions"}],"predecessor-version":[{"id":20285,"href":"https:\/\/prensapresidencialvenezuela.gob.ve\/index.php\/wp-json\/wp\/v2\/posts\/20283\/revisions\/20285"}],"wp:featuredmedia":[{"embeddable":true,"href":"https:\/\/prensapresidencialvenezuela.gob.ve\/index.php\/wp-json\/wp\/v2\/media\/20284"}],"wp:attachment":[{"href":"https:\/\/prensapresidencialvenezuela.gob.ve\/index.php\/wp-json\/wp\/v2\/media?parent=20283"}],"wp:term":[{"taxonomy":"category","embeddable":true,"href":"https:\/\/prensapresidencialvenezuela.gob.ve\/index.php\/wp-json\/wp\/v2\/categories?post=20283"},{"taxonomy":"post_tag","embeddable":true,"href":"https:\/\/prensapresidencialvenezuela.gob.ve\/index.php\/wp-json\/wp\/v2\/tags?post=20283"}],"curies":[{"name":"wp","href":"https:\/\/api.w.org\/{rel}","templated":true}]}}