{"id":20287,"date":"2025-05-26T20:56:21","date_gmt":"2025-05-27T00:56:21","guid":{"rendered":"https:\/\/prensapresidencialvenezuela.gob.ve\/?p=20287"},"modified":"2025-05-26T20:56:21","modified_gmt":"2025-05-27T00:56:21","slug":"venezuela-consolida-su-poder-popular-frente-a-la-desinformacion-de-la-oligarquia-mundial","status":"publish","type":"post","link":"https:\/\/prensapresidencialvenezuela.gob.ve\/index.php\/2025\/05\/26\/venezuela-consolida-su-poder-popular-frente-a-la-desinformacion-de-la-oligarquia-mundial\/","title":{"rendered":"Venezuela consolida su Poder Popular frente a la desinformaci\u00f3n de la oligarqu\u00eda mundial"},"content":{"rendered":"\n<p><strong>La Carlota, estado Miranda. &#8211;<\/strong> El presidente de la Rep\u00fablica Bolivariana de Venezuela, Nicol\u00e1s Maduro, subray\u00f3 que \u00abno es Maduro el que tiene m\u00e1s poder, es el pueblo\u00bb. Con estas palabras, el Mandatario deslegitim\u00f3 las interpretaciones de la prensa internacional que afirman que su liderazgo se consolid\u00f3 tras las elecciones del 25 de mayo, resaltando que el aut\u00e9ntico poder reside en la ciudadan\u00eda.<\/p>\n\n\n\n<p>\u00abLos titulares de la prensa internacional dicen que ahora (tras las elecciones) Maduro tiene m\u00e1s poder\u2026 no entienden a Venezuela, aqu\u00ed el que tiene m\u00e1s poder es el pueblo\u00bb, manifest\u00f3 en su programa Con Maduro +, en el que defendi\u00f3 el proceso electoral como expresi\u00f3n del empoderamiento popular y la organizaci\u00f3n comunitaria.<\/p>\n\n\n\n<p><strong>El triunfo del pueblo organizado<\/strong><\/p>\n\n\n\n<p>El presidente Maduro afirm\u00f3 que la victoria electoral no corresponde a un Mandatario o un partido, sino a la ciudadan\u00eda que \u00abno se dej\u00f3 arrebatar su derecho. Gan\u00f3 la esperanza organizada. Gan\u00f3 la democracia verdadera, la de carne y hueso\u00bb. En momentos en que la oligarqu\u00eda internacional intenta desalentar la soberan\u00eda venezolana, el Presidente resalt\u00f3 la importancia de la participaci\u00f3n popular en la construcci\u00f3n de una democracia genuina.<\/p>\n\n\n\n<p>\u00abAnoche no gan\u00e9 yo, no gan\u00f3 un partido. Gan\u00f3 el pueblo valiente que no se dej\u00f3 arrebatar su derecho. Gan\u00f3 la esperanza organizada\u00bb, subray\u00f3 el Dignatario.<\/p>\n\n\n\n<p><strong>El Autogobierno Popular, una realidad en construcci\u00f3n<\/strong><\/p>\n\n\n\n<p>El jefe de Estado insisti\u00f3 en que la ciudadan\u00eda venezolana marc\u00f3 el camino con su voto hacia un modelo de autogobierno que fortalece las comunidades y promueve la \u00abnueva democracia, el Autogobierno Popular\u00bb. Seg\u00fan sus palabras, las \u00e9lites globales no comprenden los profundos cambios que experimenta la humanidad en busca de mayor igualdad, soberan\u00eda y soberan\u00eda plena.<\/p>\n\n\n\n<p>\u00abEl Pueblo de Venezuela ha trazado el rumbo, con su voto, para construir el poder de las Comunidades, de una nueva democracia. El Autogobierno Popular\u00bb<\/p>\n\n\n\n<p><strong>La victoria \u00e9tica: respeto y democracia verdadera<\/strong><\/p>\n\n\n\n<p>El presidente Maduro celebr\u00f3 la victoria electoral como un triunfo \u00e9tico, enmarcado en el respeto en lugar del odio, la democracia frente al caos y la paz frente a la violencia. Destac\u00f3 que el pueblo venezolano sali\u00f3 a votar con alegr\u00eda y esperanza, demostrando que la resistencia contra las pretensiones de las \u00e9lites es posible a trav\u00e9s de la organizaci\u00f3n popular.<\/p>\n\n\n\n<p>\u00abHubo una victoria \u00e9tica. Una victoria del voto sobre la violencia. Del respeto sobre el odio. De la democracia sobre el caos. Y ese es un logro colectivo del pueblo venezolano, que no se dej\u00f3 provocar, que sali\u00f3 en paz, que vot\u00f3 con alegr\u00eda y con esperanza.\u00bb<\/p>\n\n\n\n<p><strong>Seguimiento a los avances en las comunidades<\/strong><\/p>\n\n\n\n<p>El jefe de Estado adelant\u00f3 que permanecer\u00e1 atento a los resultados en los 10 circuitos electorales m\u00e1s votados, comprometi\u00e9ndose a cumplir con la promesa de impulsar obras que beneficien directamente a las comunidades, fortaleciendo as\u00ed la democracia participativa y popular que caracteriza a Venezuela en su resistencia frente a las presiones externas.<\/p>\n\n\n\n<p>Venezuela reafirma que su modelo de autogobierno y organizaci\u00f3n comunitaria representa una v\u00eda de resistencia contra las imposiciones de la oligarqu\u00eda mundial, que no logra comprender ni aceptar los cambios profundos en el poder pol\u00edtico que generan las y los pueblos organizados.<\/p>\n\n\n\n<p><strong>Prensa Presidencial\/ Luis Tavera<\/strong><\/p>\n","protected":false},"excerpt":{"rendered":"<p>La Carlota, estado Miranda. &#8211; El presidente de la Rep\u00fablica Bolivariana de Venezuela, Nicol\u00e1s Maduro, subray\u00f3 que \u00abno es Maduro el que tiene m\u00e1s poder, es el pueblo\u00bb. Con estas palabras, el Mandatario deslegitim\u00f3 las interpretaciones de la prensa internacional que afirman que su liderazgo se consolid\u00f3 tras las elecciones del 25 de mayo, resaltando [&hellip;]<\/p>\n","protected":false},"author":1,"featured_media":20288,"comment_status":"open","ping_status":"open","sticky":false,"template":"","format":"standard","meta":{"footnotes":""},"categories":[18,7],"tags":[],"class_list":["post-20287","post","type-post","status-publish","format-standard","has-post-thumbnail","hentry","category-noticias-principales","category-notas-de-prensa"],"_links":{"self":[{"href":"https:\/\/prensapresidencialvenezuela.gob.ve\/index.php\/wp-json\/wp\/v2\/posts\/20287","targetHints":{"allow":["GET"]}}],"collection":[{"href":"https:\/\/prensapresidencialvenezuela.gob.ve\/index.php\/wp-json\/wp\/v2\/posts"}],"about":[{"href":"https:\/\/prensapresidencialvenezuela.gob.ve\/index.php\/wp-json\/wp\/v2\/types\/post"}],"author":[{"embeddable":true,"href":"https:\/\/prensapresidencialvenezuela.gob.ve\/index.php\/wp-json\/wp\/v2\/users\/1"}],"replies":[{"embeddable":true,"href":"https:\/\/prensapresidencialvenezuela.gob.ve\/index.php\/wp-json\/wp\/v2\/comments?post=20287"}],"version-history":[{"count":1,"href":"https:\/\/prensapresidencialvenezuela.gob.ve\/index.php\/wp-json\/wp\/v2\/posts\/20287\/revisions"}],"predecessor-version":[{"id":20289,"href":"https:\/\/prensapresidencialvenezuela.gob.ve\/index.php\/wp-json\/wp\/v2\/posts\/20287\/revisions\/20289"}],"wp:featuredmedia":[{"embeddable":true,"href":"https:\/\/prensapresidencialvenezuela.gob.ve\/index.php\/wp-json\/wp\/v2\/media\/20288"}],"wp:attachment":[{"href":"https:\/\/prensapresidencialvenezuela.gob.ve\/index.php\/wp-json\/wp\/v2\/media?parent=20287"}],"wp:term":[{"taxonomy":"category","embeddable":true,"href":"https:\/\/prensapresidencialvenezuela.gob.ve\/index.php\/wp-json\/wp\/v2\/categories?post=20287"},{"taxonomy":"post_tag","embeddable":true,"href":"https:\/\/prensapresidencialvenezuela.gob.ve\/index.php\/wp-json\/wp\/v2\/tags?post=20287"}],"curies":[{"name":"wp","href":"https:\/\/api.w.org\/{rel}","templated":true}]}}