{"id":20290,"date":"2025-05-26T21:26:35","date_gmt":"2025-05-27T01:26:35","guid":{"rendered":"https:\/\/prensapresidencialvenezuela.gob.ve\/?p=20290"},"modified":"2025-05-26T21:27:14","modified_gmt":"2025-05-27T01:27:14","slug":"se-cierra-un-ciclo-de-sabotaje-permanente-en-venezuela","status":"publish","type":"post","link":"https:\/\/prensapresidencialvenezuela.gob.ve\/index.php\/2025\/05\/26\/se-cierra-un-ciclo-de-sabotaje-permanente-en-venezuela\/","title":{"rendered":"Se cierra el ciclo de sabotaje permanente en Venezuela"},"content":{"rendered":"\n<p><strong>Caracas, Distrito Capital.-<\/strong> \u00abSe cierra un ciclo de diez a\u00f1os de sabotaje perenne y de conspiraci\u00f3n permanente, que tuvo sus etapas, sus intensidades; la m\u00e1s fuerte desde el 2016 con la guerra econ\u00f3mica brutal\u00bb, expres\u00f3 este lunes el presidente de la Rep\u00fablica Bolivariana de Venezuela, Nicol\u00e1s Maduro Moros.<\/p>\n\n\n\n<p>Estas declaraciones las ofreci\u00f3 en relaci\u00f3n con el resultado de las elecciones celebradas el 25 de mayo, que destacaron por su desarrollo pac\u00edfico y la participaci\u00f3n de sectores opositores.<\/p>\n\n\n\n<p>Durante la edici\u00f3n n\u00famero 80 del programa <em>Con Maduro+,<\/em> el Presidente record\u00f3 que el pa\u00eds ha sufrido desde 2016 los estragos de una guerra econ\u00f3mica impuesta por pa\u00edses imperiales y sus aliados estrat\u00e9gicos en la regi\u00f3n, con el fin de forzar un cambio de gobierno en Venezuela.<\/p>\n\n\n\n<p>El jefe de Estado mencion\u00f3 que el dirigente opositor Henry Ramos Allup le daba tres meses para ser derrocado. Tras los atentados contra la econom\u00eda nacional, siguieron las denominadas guarimbas, uno de los eventos violentos m\u00e1s grandes registrados en la historia, que propici\u00f3 la desestabilizaci\u00f3n social mediante la confrontaci\u00f3n civil del pueblo.<\/p>\n\n\n\n<p>\u00abEsto nos puso a las puertas de una guerra civil interna\u00bb, sostuvo el Mandatario nacional, rememorando que fue la Asamblea Nacional Constituyente, impulsada desde el Estado, la medida de resistencia que permiti\u00f3 recuperar la uni\u00f3n nacional y consolidar la paz social que se ameritaba para enfrentar los retos venideros.<\/p>\n\n\n\n<p>Sumado a ello, el presidente Maduro mencion\u00f3 que nuevamente se propiciaron guarimbas y un ambiente hostil contra las instituciones del pa\u00eds. Esto se hizo con el objetivo de desacreditarlas y, adem\u00e1s, golpear la democracia participativa y protag\u00f3nica con la autoproclamaci\u00f3n del extremista Juan Guaid\u00f3 como \u00abpresidente interino\u00bb y, junto al opositor Julio Borges, el impulso del Grupo de Lima.<\/p>\n\n\n\n<p>\u00abFue una ofensiva total de \u201cmiles\u201d de pa\u00edses\u00bb, dijo sobre lo ocurrido en el a\u00f1o 2019 con este seudo bloque regional. Este grupo propici\u00f3 un cerco diplom\u00e1tico, posicion\u00f3 un discurso de descr\u00e9dito de la Revoluci\u00f3n Bolivariana y busc\u00f3 derrocar al presidente Nicol\u00e1s Maduro con acciones fuera de las fronteras nacionales, en una clara acci\u00f3n de dominaci\u00f3n propiciada por actores extranjeros en los asuntos dom\u00e9sticos de Venezuela.<\/p>\n\n\n\n<p>\u00abSiempre es bueno recordar los gobiernos que impulsaron el Grupo de Lima: el gobierno de Juan Manuel Santos (Colombia) con Pedro Pablo kuczynski (Per\u00fa). \u00bfPor qu\u00e9 se llama Grupo de Lima? Porque la ultraderecha lime\u00f1a dec\u00eda que le correspond\u00eda a la oligarqu\u00eda bogotana tumbar al Gobierno Revolucionario en Venezuela y que no hac\u00eda nada, por eso es que Lima tomaba la conducci\u00f3n, y convoc\u00f3 y tuvo el apoyo inmediato de Chile, de Michelle Bachelet, que fue fundadora de este grupo, y luego de todos los gobiernos de derecha en la regi\u00f3n\u00bb, precis\u00f3 el Dignatario nacional.<\/p>\n\n\n\n<p>En total, seg\u00fan reflexion\u00f3, hab\u00eda 25 gobiernos de Am\u00e9rica Latina y el Caribe que apuntaban hacia el Gobierno de Caracas. \u00abY la Venezuela Bolivariana se plant\u00f3, bien plantada, y los derrotamos a todos en conjunto y uno por uno por separado\u00bb, afirm\u00f3.<\/p>\n\n\n\n<p>En tal sentido, mencion\u00f3 que el pueblo super\u00f3 todas estas acciones y los intentos de golpe de Estado, el sabotaje a la industria petrolera, el golpe el\u00e9ctrico y de los servicios p\u00fablicos, las sanciones y el bloqueo, el robo de Citgo Petroleum Corporation, el robo del oro nacional, la congelaci\u00f3n de cuentas por el orden de los 20 mil millones de d\u00f3lares, entre otros factores.<\/p>\n\n\n\n<p>Ante esto, y con todas las acciones y planes nacionales que se impulsan para promover la independencia econ\u00f3mica, y la constancia de los venezolanos, el pa\u00eds cumple, a la fecha, 16 trimestres de crecimiento econ\u00f3mico sostenido, autosostenido y auto sustentado.<\/p>\n\n\n\n<p><strong>Prensa Presidencial \/ Iliana Rosales<\/strong><\/p>\n","protected":false},"excerpt":{"rendered":"<p>Caracas, Distrito Capital.- \u00abSe cierra un ciclo de diez a\u00f1os de sabotaje perenne y de conspiraci\u00f3n permanente, que tuvo sus etapas, sus intensidades; la m\u00e1s fuerte desde el 2016 con la guerra econ\u00f3mica brutal\u00bb, expres\u00f3 este lunes el presidente de la Rep\u00fablica Bolivariana de Venezuela, Nicol\u00e1s Maduro Moros. Estas declaraciones las ofreci\u00f3 en relaci\u00f3n con [&hellip;]<\/p>\n","protected":false},"author":14,"featured_media":20291,"comment_status":"open","ping_status":"open","sticky":false,"template":"","format":"standard","meta":{"footnotes":""},"categories":[18,7],"tags":[],"class_list":["post-20290","post","type-post","status-publish","format-standard","has-post-thumbnail","hentry","category-noticias-principales","category-notas-de-prensa"],"_links":{"self":[{"href":"https:\/\/prensapresidencialvenezuela.gob.ve\/index.php\/wp-json\/wp\/v2\/posts\/20290","targetHints":{"allow":["GET"]}}],"collection":[{"href":"https:\/\/prensapresidencialvenezuela.gob.ve\/index.php\/wp-json\/wp\/v2\/posts"}],"about":[{"href":"https:\/\/prensapresidencialvenezuela.gob.ve\/index.php\/wp-json\/wp\/v2\/types\/post"}],"author":[{"embeddable":true,"href":"https:\/\/prensapresidencialvenezuela.gob.ve\/index.php\/wp-json\/wp\/v2\/users\/14"}],"replies":[{"embeddable":true,"href":"https:\/\/prensapresidencialvenezuela.gob.ve\/index.php\/wp-json\/wp\/v2\/comments?post=20290"}],"version-history":[{"count":2,"href":"https:\/\/prensapresidencialvenezuela.gob.ve\/index.php\/wp-json\/wp\/v2\/posts\/20290\/revisions"}],"predecessor-version":[{"id":20293,"href":"https:\/\/prensapresidencialvenezuela.gob.ve\/index.php\/wp-json\/wp\/v2\/posts\/20290\/revisions\/20293"}],"wp:featuredmedia":[{"embeddable":true,"href":"https:\/\/prensapresidencialvenezuela.gob.ve\/index.php\/wp-json\/wp\/v2\/media\/20291"}],"wp:attachment":[{"href":"https:\/\/prensapresidencialvenezuela.gob.ve\/index.php\/wp-json\/wp\/v2\/media?parent=20290"}],"wp:term":[{"taxonomy":"category","embeddable":true,"href":"https:\/\/prensapresidencialvenezuela.gob.ve\/index.php\/wp-json\/wp\/v2\/categories?post=20290"},{"taxonomy":"post_tag","embeddable":true,"href":"https:\/\/prensapresidencialvenezuela.gob.ve\/index.php\/wp-json\/wp\/v2\/tags?post=20290"}],"curies":[{"name":"wp","href":"https:\/\/api.w.org\/{rel}","templated":true}]}}