{"id":20294,"date":"2025-05-26T21:51:26","date_gmt":"2025-05-27T01:51:26","guid":{"rendered":"https:\/\/prensapresidencialvenezuela.gob.ve\/?p=20294"},"modified":"2025-05-26T21:51:27","modified_gmt":"2025-05-27T01:51:27","slug":"ven25-pasa-a-ser-comando-unitario-de-la-fuerza-bolivariana-de-venezuela-del-bloque-historico","status":"publish","type":"post","link":"https:\/\/prensapresidencialvenezuela.gob.ve\/index.php\/2025\/05\/26\/ven25-pasa-a-ser-comando-unitario-de-la-fuerza-bolivariana-de-venezuela-del-bloque-historico\/","title":{"rendered":"Ven25+ pasa a ser Comando Unitario de la Fuerza Bolivariana de Venezuela del Bloque Hist\u00f3rico"},"content":{"rendered":"\n<p><strong>La Carlota, estado Miranda. \u2013 \u00ab<\/strong>Comando Campa\u00f1a Ven25+ queda instalado de manera permanente y pasa a ser el Comando Unitario de la Fuerza Bolivariana de Venezuela del Bloque Hist\u00f3rico, Comando Ven25\u00bb, anunci\u00f3 el presidente de la Rep\u00fablica Bolivariana de Venezuela, Nicol\u00e1s Maduro Moros, durante su programa Con Maduro + N\u00ba 80.<\/p>\n\n\n\n<p>Asimismo, destac\u00f3 que la Revoluci\u00f3n Bolivariana no es un nombre y que el Comandante Hugo Ch\u00e1vez lo dijo; y que por ese motivo dijo ayer que \u00ab26 a\u00f1os despu\u00e9s, 32 elecciones despu\u00e9s, de las cuales se han ganado 30 en distintas formas; hoy por hoy, la Revoluci\u00f3n Bolivariana ha demostrado que tiene vigencia pol\u00edtica, hist\u00f3rica, actualidad, m\u00e1s poder y m\u00e1s fuerza\u00bb. &nbsp;<\/p>\n\n\n\n<p>En la misma l\u00ednea, el Presidente resalt\u00f3 que la Revoluci\u00f3n Bolivariana tiene un liderazgo colectivo y unitario, el mando que lleva \u00e9l en la Revoluci\u00f3n Bolivariana; un mando leg\u00edtimo, amoroso, unitario, convocante, abarcador, y que adem\u00e1s es un alto mando pol\u00edtico dedicado en sacrificio a la felicidad y el desarrollo de Venezuela.<\/p>\n\n\n\n<p>Con relaci\u00f3n al Comando Revolucionario 200, mencion\u00f3 que la idea inicial de este movimiento hace casi 40 a\u00f1os, sobre la Uni\u00f3n C\u00edvico Militar, hoy se ha transformado en una poderosa fusi\u00f3n popular, militar, policial de la Revoluci\u00f3n Bolivariana; la cual, es la columna vertebral de la paz, estabilidad, democracia, constitucionalidad y Soberan\u00eda Nacional del pa\u00eds.<\/p>\n\n\n\n<p>En contexto hist\u00f3rico, record\u00f3 que en enero del 2022 comenz\u00f3 a hablar sobre que la Naci\u00f3n ha entrado en una nueva \u00e9poca en la humanidad, una lucha civilizatoria hist\u00f3rica, en la que hay que \u00abhay construir una nueva civilizaci\u00f3n humana, en el caso de nuestra Am\u00e9rica, basada en nuestras ra\u00edces y nuestros valores, una nueva \u00e9poca de transici\u00f3n hacia el socialismo 2030\u00bb.<\/p>\n\n\n\n<p><strong>Plan de las 7 Transformaciones<\/strong><\/p>\n\n\n\n<p>Destac\u00f3 en base al Plan de las 7 Transformaciones, que este resume 40 a\u00f1os de Revoluci\u00f3n y que es Ley de la Rep\u00fablica, de obligatorio cumplimiento y desarrollo por las autoridades, de todos los poderes p\u00fablicos y por el pueblo de Venezuela.<\/p>\n\n\n\n<p>\u00abHay que seguir construyendo los instrumentos de un liderazgo colectivo, abarcante, que convoque y respete a toda la sociedad y que construya nuevas mayor\u00edas en el concepto de Gramsci, que construya un Bloque Hist\u00f3rico poderoso\u00bb, puntualiz\u00f3.<\/p>\n\n\n\n<p>El Dignatario venezolano tambi\u00e9n ha expresado que hoy por hoy puede decir a los pueblos de Am\u00e9rica latina, el Caribe y dem\u00e1s pueblos del mundo, que en Venezuela se ha consolidado el poder pol\u00edtico del nuevo bloque popular, revolucionario, para la construcci\u00f3n de una nueva hegemon\u00eda, que \u00aben el t\u00e9rmino revolucionario es una hegemon\u00eda de valores\u00bb.<\/p>\n\n\n\n<p>&nbsp;<strong>Prensa Presidencial\/ Irmary D\u00edaz<\/strong><\/p>\n\n\n\n<p><\/p>\n","protected":false},"excerpt":{"rendered":"<p>La Carlota, estado Miranda. \u2013 \u00abComando Campa\u00f1a Ven25+ queda instalado de manera permanente y pasa a ser el Comando Unitario de la Fuerza Bolivariana de Venezuela del Bloque Hist\u00f3rico, Comando Ven25\u00bb, anunci\u00f3 el presidente de la Rep\u00fablica Bolivariana de Venezuela, Nicol\u00e1s Maduro Moros, durante su programa Con Maduro + N\u00ba 80. Asimismo, destac\u00f3 que la [&hellip;]<\/p>\n","protected":false},"author":1,"featured_media":20295,"comment_status":"open","ping_status":"open","sticky":false,"template":"","format":"standard","meta":{"footnotes":""},"categories":[18,7],"tags":[],"class_list":["post-20294","post","type-post","status-publish","format-standard","has-post-thumbnail","hentry","category-noticias-principales","category-notas-de-prensa"],"_links":{"self":[{"href":"https:\/\/prensapresidencialvenezuela.gob.ve\/index.php\/wp-json\/wp\/v2\/posts\/20294","targetHints":{"allow":["GET"]}}],"collection":[{"href":"https:\/\/prensapresidencialvenezuela.gob.ve\/index.php\/wp-json\/wp\/v2\/posts"}],"about":[{"href":"https:\/\/prensapresidencialvenezuela.gob.ve\/index.php\/wp-json\/wp\/v2\/types\/post"}],"author":[{"embeddable":true,"href":"https:\/\/prensapresidencialvenezuela.gob.ve\/index.php\/wp-json\/wp\/v2\/users\/1"}],"replies":[{"embeddable":true,"href":"https:\/\/prensapresidencialvenezuela.gob.ve\/index.php\/wp-json\/wp\/v2\/comments?post=20294"}],"version-history":[{"count":1,"href":"https:\/\/prensapresidencialvenezuela.gob.ve\/index.php\/wp-json\/wp\/v2\/posts\/20294\/revisions"}],"predecessor-version":[{"id":20296,"href":"https:\/\/prensapresidencialvenezuela.gob.ve\/index.php\/wp-json\/wp\/v2\/posts\/20294\/revisions\/20296"}],"wp:featuredmedia":[{"embeddable":true,"href":"https:\/\/prensapresidencialvenezuela.gob.ve\/index.php\/wp-json\/wp\/v2\/media\/20295"}],"wp:attachment":[{"href":"https:\/\/prensapresidencialvenezuela.gob.ve\/index.php\/wp-json\/wp\/v2\/media?parent=20294"}],"wp:term":[{"taxonomy":"category","embeddable":true,"href":"https:\/\/prensapresidencialvenezuela.gob.ve\/index.php\/wp-json\/wp\/v2\/categories?post=20294"},{"taxonomy":"post_tag","embeddable":true,"href":"https:\/\/prensapresidencialvenezuela.gob.ve\/index.php\/wp-json\/wp\/v2\/tags?post=20294"}],"curies":[{"name":"wp","href":"https:\/\/api.w.org\/{rel}","templated":true}]}}