{"id":20310,"date":"2025-05-27T09:22:42","date_gmt":"2025-05-27T13:22:42","guid":{"rendered":"https:\/\/prensapresidencialvenezuela.gob.ve\/?p=20310"},"modified":"2025-05-27T09:22:42","modified_gmt":"2025-05-27T13:22:42","slug":"victoria-electoral-en-guayana-esequiba-confirma-la-vigencia-del-modelo-politico-bolivariano","status":"publish","type":"post","link":"https:\/\/prensapresidencialvenezuela.gob.ve\/index.php\/2025\/05\/27\/victoria-electoral-en-guayana-esequiba-confirma-la-vigencia-del-modelo-politico-bolivariano\/","title":{"rendered":"Victoria electoral en Guayana Esequiba confirma la vigencia del modelo pol\u00edtico Bolivariano"},"content":{"rendered":"\n<p><strong>La Carlota, estado Miranda. &#8211;<\/strong> Las elecciones legislativas y regionales en Venezuela ratificaron que la Revoluci\u00f3n Bolivariana sigue siendo el camino firme adoptado por el pueblo para avanzar hacia un modelo pol\u00edtico inclusivo, soberano y centrado en la justicia social, afirm\u00f3 el presidente Nicol\u00e1s Maduro durante su programa \u00abCon Maduro+\u00bb n\u00famero 80.<\/p>\n\n\n\n<p>Luego de 32 procesos electorales, la Revoluci\u00f3n Bolivariana demostr\u00f3 su fuerza, vigencia pol\u00edtica e hist\u00f3rica, se\u00f1alando que su liderazgo colectivo contin\u00faa siendo la opci\u00f3n principal para construir un pa\u00eds m\u00e1s justo y cercano a su pueblo. La participaci\u00f3n masiva y la victoria en las urnas reflejan el respaldo popular a un proyecto que reivindica la soberan\u00eda y la integraci\u00f3n latinoamericana y caribe\u00f1a.<\/p>\n\n\n\n<p><strong>Primera historia en Guayana Esequiba: Elecci\u00f3n de autoridades por el pueblo&nbsp;<\/strong><\/p>\n\n\n\n<p>Una de las noticias m\u00e1s significativas fue la elecci\u00f3n, por primera vez en la historia, del gobernador, diputados y legisladores del estado Guayana Esequiba, territorio legalmente venezolano. Este acto democr\u00e1tico fortalece la recuperaci\u00f3n constitucional y reconoce la voluntad soberana del pueblo venezolano de proteger sus recursos y su derecho a la autodeterminaci\u00f3n, en l\u00ednea con los acuerdos hist\u00f3ricos y la visi\u00f3n del Libertador Sim\u00f3n Bol\u00edvar.<\/p>\n\n\n\n<p><strong>Respuesta firme a las campa\u00f1as de desinformaci\u00f3n imperialista&nbsp;<\/strong><\/p>\n\n\n\n<p>Durante el segmento \u00abZona Digital\u00bb, el presidente Maduro denunci\u00f3 las mentiras del gobierno de Guyana, que intent\u00f3 desprestigiar la participaci\u00f3n del pueblo de la Guayana Esequiba en estas elecciones. \u00abUstedes son la negaci\u00f3n del sue\u00f1o caribe\u00f1o de independencia y libertad; terminaron siendo esclavos de ExxonMobil, completamente corruptos\u00bb, expres\u00f3 el Mandatario, quien ratific\u00f3 que el pueblo esequibano tiene ahora gobierno, presupuesto y apoyo total en \u00e1reas de vivienda, salud, educaci\u00f3n, alimentaci\u00f3n y emprendimiento.<\/p>\n\n\n\n<p><strong>Vencedores en las urnas: La fuerza popular y el compromiso con la Patria<\/strong><\/p>\n\n\n\n<p>Neil Villamizar, candidato por el Gran Polo Patri\u00f3tico Sim\u00f3n Bol\u00edvar, result\u00f3 ser el primer gobernador electo del estado Guayana Esequiba, obteniendo m\u00e1s del 97% de los votos en estas elecciones. La victoria simboliza la resistencia y el compromiso del pueblo venezolano con la recuperaci\u00f3n y defensa de sus territorios hist\u00f3ricos, reafirmando la soberan\u00eda y la lucha antiimperialista.<\/p>\n\n\n\n<p>Estos comicios evidencian que la Revoluci\u00f3n Bolivariana contin\u00faa siendo la opci\u00f3n mayoritaria y leg\u00edtima del pueblo venezolano para avanzar hacia un futuro de justicia social, soberan\u00eda plena y autodeterminaci\u00f3n. La defensa de sus territorios, su historia y sus derechos sigue siendo el faro que gu\u00eda la resistencia frente a las campa\u00f1as imperialistas y los intentos de deslegitimar la voluntad popular.<\/p>\n\n\n\n<p><strong>Prensa Presidencial\/ Lui Tavera<\/strong><\/p>\n","protected":false},"excerpt":{"rendered":"<p>La Carlota, estado Miranda. &#8211; Las elecciones legislativas y regionales en Venezuela ratificaron que la Revoluci\u00f3n Bolivariana sigue siendo el camino firme adoptado por el pueblo para avanzar hacia un modelo pol\u00edtico inclusivo, soberano y centrado en la justicia social, afirm\u00f3 el presidente Nicol\u00e1s Maduro durante su programa \u00abCon Maduro+\u00bb n\u00famero 80. Luego de 32 [&hellip;]<\/p>\n","protected":false},"author":14,"featured_media":20311,"comment_status":"open","ping_status":"open","sticky":false,"template":"","format":"standard","meta":{"footnotes":""},"categories":[18,7],"tags":[],"class_list":["post-20310","post","type-post","status-publish","format-standard","has-post-thumbnail","hentry","category-noticias-principales","category-notas-de-prensa"],"_links":{"self":[{"href":"https:\/\/prensapresidencialvenezuela.gob.ve\/index.php\/wp-json\/wp\/v2\/posts\/20310","targetHints":{"allow":["GET"]}}],"collection":[{"href":"https:\/\/prensapresidencialvenezuela.gob.ve\/index.php\/wp-json\/wp\/v2\/posts"}],"about":[{"href":"https:\/\/prensapresidencialvenezuela.gob.ve\/index.php\/wp-json\/wp\/v2\/types\/post"}],"author":[{"embeddable":true,"href":"https:\/\/prensapresidencialvenezuela.gob.ve\/index.php\/wp-json\/wp\/v2\/users\/14"}],"replies":[{"embeddable":true,"href":"https:\/\/prensapresidencialvenezuela.gob.ve\/index.php\/wp-json\/wp\/v2\/comments?post=20310"}],"version-history":[{"count":1,"href":"https:\/\/prensapresidencialvenezuela.gob.ve\/index.php\/wp-json\/wp\/v2\/posts\/20310\/revisions"}],"predecessor-version":[{"id":20312,"href":"https:\/\/prensapresidencialvenezuela.gob.ve\/index.php\/wp-json\/wp\/v2\/posts\/20310\/revisions\/20312"}],"wp:featuredmedia":[{"embeddable":true,"href":"https:\/\/prensapresidencialvenezuela.gob.ve\/index.php\/wp-json\/wp\/v2\/media\/20311"}],"wp:attachment":[{"href":"https:\/\/prensapresidencialvenezuela.gob.ve\/index.php\/wp-json\/wp\/v2\/media?parent=20310"}],"wp:term":[{"taxonomy":"category","embeddable":true,"href":"https:\/\/prensapresidencialvenezuela.gob.ve\/index.php\/wp-json\/wp\/v2\/categories?post=20310"},{"taxonomy":"post_tag","embeddable":true,"href":"https:\/\/prensapresidencialvenezuela.gob.ve\/index.php\/wp-json\/wp\/v2\/tags?post=20310"}],"curies":[{"name":"wp","href":"https:\/\/api.w.org\/{rel}","templated":true}]}}