{"id":20313,"date":"2025-05-27T14:07:00","date_gmt":"2025-05-27T18:07:00","guid":{"rendered":"https:\/\/prensapresidencialvenezuela.gob.ve\/?p=20313"},"modified":"2025-05-27T14:12:43","modified_gmt":"2025-05-27T18:12:43","slug":"proclamacion-de-la-nueva-asamblea-nacional-un-mandato-popular-para-la-construccion-socialista","status":"publish","type":"post","link":"https:\/\/prensapresidencialvenezuela.gob.ve\/index.php\/2025\/05\/27\/proclamacion-de-la-nueva-asamblea-nacional-un-mandato-popular-para-la-construccion-socialista\/","title":{"rendered":"Proclamaci\u00f3n de la nueva Asamblea Nacional: Un mandato Popular para la construcci\u00f3n socialista"},"content":{"rendered":"\n<p><strong>Consejo Nacional Electoral, Caracas.-<\/strong> El Consejo Nacional Electoral (CNE) proclam\u00f3 hoy, desde el Teatro Municipal de Caracas, a los diputados y diputadas de la Rep\u00fablica Bolivariana de Venezuela electos por Lista Nacional de Adjudicaci\u00f3n para el per\u00edodo 2026-2031. Este acto consagra una nueva etapa para la Asamblea Nacional, con una clara mayor\u00eda del Gran Polo Patri\u00f3tico.<\/p>\n\n\n\n<p><strong>Compromiso Legislativo con el Pueblo<\/strong><\/p>\n\n\n\n<p>La Primera Dama y diputada de la Rep\u00fablica, Cilia Flores, destac\u00f3 la trascendencia de esta proclamaci\u00f3n. Ella puso en relieve el s\u00f3lido compromiso de la bancada del Gran Polo Patri\u00f3tico con el pueblo venezolano.<\/p>\n\n\n\n<figure class=\"wp-block-gallery has-nested-images columns-default is-cropped wp-block-gallery-1 is-layout-flex wp-block-gallery-is-layout-flex\">\n<figure class=\"wp-block-image size-large\"><img fetchpriority=\"high\" decoding=\"async\" width=\"984\" height=\"1024\" data-id=\"20319\" src=\"https:\/\/prensapresidencialvenezuela.gob.ve\/wp-content\/uploads\/2025\/05\/09_JZ_L1768_P-984x1024.jpg\" alt=\"\" class=\"wp-image-20319\" srcset=\"https:\/\/prensapresidencialvenezuela.gob.ve\/wp-content\/uploads\/2025\/05\/09_JZ_L1768_P-984x1024.jpg 984w, https:\/\/prensapresidencialvenezuela.gob.ve\/wp-content\/uploads\/2025\/05\/09_JZ_L1768_P-288x300.jpg 288w, https:\/\/prensapresidencialvenezuela.gob.ve\/wp-content\/uploads\/2025\/05\/09_JZ_L1768_P-768x800.jpg 768w, https:\/\/prensapresidencialvenezuela.gob.ve\/wp-content\/uploads\/2025\/05\/09_JZ_L1768_P-1475x1536.jpg 1475w, https:\/\/prensapresidencialvenezuela.gob.ve\/wp-content\/uploads\/2025\/05\/09_JZ_L1768_P.jpg 1921w\" sizes=\"(max-width: 984px) 100vw, 984px\" \/><\/figure>\n<\/figure>\n\n\n\n<p>La diputada Flores enfatiz\u00f3 la voluntad de su bloque legislativo de trabajar de forma conjunta y consultar las decisiones cruciales para el pa\u00eds. Asimismo, subray\u00f3 la importancia de desarrollar pol\u00edticas integrales que promuevan el bienestar social y la defensa inquebrantable de la soberan\u00eda nacional.<\/p>\n\n\n\n<figure class=\"wp-block-gallery has-nested-images columns-default is-cropped wp-block-gallery-2 is-layout-flex wp-block-gallery-is-layout-flex\">\n<figure class=\"wp-block-image size-large\"><img decoding=\"async\" width=\"1024\" height=\"683\" data-id=\"20317\" src=\"https:\/\/prensapresidencialvenezuela.gob.ve\/wp-content\/uploads\/2025\/05\/09_JZ_L1389_P-1024x683.jpg\" alt=\"\" class=\"wp-image-20317\" srcset=\"https:\/\/prensapresidencialvenezuela.gob.ve\/wp-content\/uploads\/2025\/05\/09_JZ_L1389_P-1024x683.jpg 1024w, https:\/\/prensapresidencialvenezuela.gob.ve\/wp-content\/uploads\/2025\/05\/09_JZ_L1389_P-300x200.jpg 300w, https:\/\/prensapresidencialvenezuela.gob.ve\/wp-content\/uploads\/2025\/05\/09_JZ_L1389_P-768x512.jpg 768w, https:\/\/prensapresidencialvenezuela.gob.ve\/wp-content\/uploads\/2025\/05\/09_JZ_L1389_P-1536x1024.jpg 1536w, https:\/\/prensapresidencialvenezuela.gob.ve\/wp-content\/uploads\/2025\/05\/09_JZ_L1389_P-2048x1365.jpg 2048w\" sizes=\"(max-width: 1024px) 100vw, 1024px\" \/><\/figure>\n<\/figure>\n\n\n\n<p><strong>Llamado a la Colaboraci\u00f3n Constructiva<\/strong><\/p>\n\n\n\n<p>El presidente de la Asamblea Nacional, Jorge Rodr\u00edguez, extendi\u00f3 un saludo y felicitaci\u00f3n a la representaci\u00f3n de las distintas facciones de oposici\u00f3n. \u00abEsperamos que contribuyan al trabajo constructivo en las inmensas tareas que el poder legislativo enfrenta\u00bb, expres\u00f3 Rodr\u00edguez.<\/p>\n\n\n\n<p><strong>Resultados Electorales: La voz del Pueblo<\/strong><\/p>\n\n\n\n<p>El Poder Electoral inform\u00f3 los resultados con una transmisi\u00f3n del 99,88% de las m\u00e1quinas de votaci\u00f3n y una participaci\u00f3n del 43,18% de los electores activos. La Junta Nacional Electoral precis\u00f3 los siguientes datos:<\/p>\n\n\n\n<ul class=\"wp-block-list\">\n<li>La alianza del Gran Polo Patri\u00f3tico Sim\u00f3n Bol\u00edvar (GPPSB) obtuvo 5.024.475 votos, que corresponden al 83,42% del total.<\/li>\n\n\n\n<li>La Alianza Democr\u00e1tica obtuvo 361.769 votos; el 6,01% del total.<\/li>\n\n\n\n<li>La Alianza UNT \u00danica 304.425 votos, que corresponden al 5,05% del total.<\/li>\n\n\n\n<li>La alianza Fuerza Vecinal obtuvo 141.588 votos, que corresponden al 2,35% del total.<\/li>\n\n\n\n<li>Otras organizaciones con fines pol\u00edticos obtuvieron 181.926 votos, que corresponden al 3,02% del total.<\/li>\n\n\n\n<li>Los votos nulos sumaron 8.813, el 0,15% del total.<\/li>\n<\/ul>\n\n\n\n<p>De los 285 cargos a adjudicar a la Asamblea Nacional, 282 se encuentran ya adjudicados. El pr\u00f3ximo domingo se celebrar\u00e1 la elecci\u00f3n para elegir tres diputados de representaci\u00f3n ind\u00edgena a la AN y nueve al Consejo Legislativo.<\/p>\n\n\n\n<p>El GPPSB asegur\u00f3 253 cargos de diputados y diputadas a la AN. La Alianza Democr\u00e1tica obtuvo 13 cargos. La Alianza UNT \u00danica, 11. Fuerza Vecinal, 4 cargos. El partido Alianza del L\u00e1piz, 1 cargo.<\/p>\n\n\n\n<p>En cuanto a los cargos de gobernadores, 24 ya se adjudicaron, con 23 gobernadores para el GPP y 1 para la Alianza Democr\u00e1tica. Para los Consejos Legislativos de los estados, de los 260 cargos a adjudicar, 247 ya se definieron: el GPPSB logr\u00f3 235 legisladores, la Alianza Democr\u00e1tica 7 legisladores, la Alianza UNT \u00danica 4, y Fuerza Vecinal 2.<\/p>\n\n\n\n<p><strong>Prensa Presidencial\/ Luis Tavera<\/strong><\/p>\n","protected":false},"excerpt":{"rendered":"<p>Consejo Nacional Electoral, Caracas.- El Consejo Nacional Electoral (CNE) proclam\u00f3 hoy, desde el Teatro Municipal de Caracas, a los diputados y diputadas de la Rep\u00fablica Bolivariana de Venezuela electos por Lista Nacional de Adjudicaci\u00f3n para el per\u00edodo 2026-2031. Este acto consagra una nueva etapa para la Asamblea Nacional, con una clara mayor\u00eda del Gran Polo [&hellip;]<\/p>\n","protected":false},"author":1,"featured_media":20315,"comment_status":"open","ping_status":"open","sticky":false,"template":"","format":"standard","meta":{"footnotes":""},"categories":[18,7],"tags":[],"class_list":["post-20313","post","type-post","status-publish","format-standard","has-post-thumbnail","hentry","category-noticias-principales","category-notas-de-prensa"],"_links":{"self":[{"href":"https:\/\/prensapresidencialvenezuela.gob.ve\/index.php\/wp-json\/wp\/v2\/posts\/20313","targetHints":{"allow":["GET"]}}],"collection":[{"href":"https:\/\/prensapresidencialvenezuela.gob.ve\/index.php\/wp-json\/wp\/v2\/posts"}],"about":[{"href":"https:\/\/prensapresidencialvenezuela.gob.ve\/index.php\/wp-json\/wp\/v2\/types\/post"}],"author":[{"embeddable":true,"href":"https:\/\/prensapresidencialvenezuela.gob.ve\/index.php\/wp-json\/wp\/v2\/users\/1"}],"replies":[{"embeddable":true,"href":"https:\/\/prensapresidencialvenezuela.gob.ve\/index.php\/wp-json\/wp\/v2\/comments?post=20313"}],"version-history":[{"count":2,"href":"https:\/\/prensapresidencialvenezuela.gob.ve\/index.php\/wp-json\/wp\/v2\/posts\/20313\/revisions"}],"predecessor-version":[{"id":20320,"href":"https:\/\/prensapresidencialvenezuela.gob.ve\/index.php\/wp-json\/wp\/v2\/posts\/20313\/revisions\/20320"}],"wp:featuredmedia":[{"embeddable":true,"href":"https:\/\/prensapresidencialvenezuela.gob.ve\/index.php\/wp-json\/wp\/v2\/media\/20315"}],"wp:attachment":[{"href":"https:\/\/prensapresidencialvenezuela.gob.ve\/index.php\/wp-json\/wp\/v2\/media?parent=20313"}],"wp:term":[{"taxonomy":"category","embeddable":true,"href":"https:\/\/prensapresidencialvenezuela.gob.ve\/index.php\/wp-json\/wp\/v2\/categories?post=20313"},{"taxonomy":"post_tag","embeddable":true,"href":"https:\/\/prensapresidencialvenezuela.gob.ve\/index.php\/wp-json\/wp\/v2\/tags?post=20313"}],"curies":[{"name":"wp","href":"https:\/\/api.w.org\/{rel}","templated":true}]}}