{"id":20369,"date":"2025-05-29T16:01:51","date_gmt":"2025-05-29T20:01:51","guid":{"rendered":"https:\/\/prensapresidencialvenezuela.gob.ve\/?p=20369"},"modified":"2025-05-29T19:24:36","modified_gmt":"2025-05-29T23:24:36","slug":"activada-ofensiva-integral-hacia-2031-para-consolidar-la-revolucion-y-la-union-nacional","status":"publish","type":"post","link":"https:\/\/prensapresidencialvenezuela.gob.ve\/index.php\/2025\/05\/29\/activada-ofensiva-integral-hacia-2031-para-consolidar-la-revolucion-y-la-union-nacional\/","title":{"rendered":"Activada ofensiva integral hacia 2031 para consolidar la Revoluci\u00f3n y la uni\u00f3n nacional"},"content":{"rendered":"\n<p><strong>La Casona, estado Miranda.-<\/strong> Durante una reuni\u00f3n de trabajo con el Alto Mando Pol\u00edtico- Militar del chavismo\u00a0 y autoridades electas por el pueblo, el presidente de la Rep\u00fablica Bolivariana de Venezuela, Nicol\u00e1s Maduro, anunci\u00f3 el inicio de una ofensiva integral que marcar\u00e1 la hoja de ruta del pa\u00eds hasta el a\u00f1o 2031.<\/p>\n\n\n\n<p>Con un esp\u00edritu combativo y esperanzador, el Mandatario destac\u00f3 la necesidad de consolidar una nueva mayor\u00eda que impulse las grandes transformaciones necesarias para el bienestar del pueblo venezolano.<\/p>\n\n\n\n<p>El Dignatario Nacional record\u00f3 la gesta heroica del Comandante Hugo Ch\u00e1vez en 1999, cuando el pueblo venezolano se volc\u00f3 a las calles para elegir una Asamblea Nacional (AN) Constituyente que sent\u00f3 las bases de la Constituci\u00f3n Bolivariana. Y a su vez, hizo una comparaci\u00f3n entre el momento hist\u00f3rico actual y la victoria popular de 1999, resaltando la necesidad de reproducir unidad que caracteriz\u00f3 aquel triunfo.<\/p>\n\n\n\n<p>De igual manera, hizo un llamado a construir una nueva \u00e9poca de entendimiento y di\u00e1logo. \u00abLa polarizaci\u00f3n existir\u00e1 siempre, lo que no debe existir es polarizaci\u00f3n destructiva, la polarizaci\u00f3n que auto infrinja da\u00f1o a la Republica, la polarizaci\u00f3n que nos lleve a odiarnos y matarnos, a destruir las bases del pa\u00eds, que lleve a ofrecerle la soberan\u00eda del pa\u00eds al imperio norteamericano\u00bb, sostuvo.<\/p>\n\n\n\n<p>El Mandatario Nacional afirm\u00f3 que hay una polarizaci\u00f3n negativa que ha sido propugnada por guerra psicol\u00f3gica desde los a\u00f1os 97-98 hasta nuestros d\u00edas, y que ahora existe a trav\u00e9s de las redes sociales: \u00abEsa polarizaci\u00f3n negativa que nos lleva a la intolerancia al enfrentamiento, ya la superamos y no debe volver, aqu\u00ed lo que debe haber es entendimiento y m\u00e1s di\u00e1logo y ponernos de acuerdo\u00bb.<\/p>\n\n\n\n<p>En tal sentido, aprovech\u00f3 para expresar su disposici\u00f3n a entablar un di\u00e1logo con la oposici\u00f3n venezolana, a los fines de construir el pa\u00eds y la Patria que cada venezolano merece. \u00abSi esa oposici\u00f3n que lleg\u00f3 a la AN alg\u00fan d\u00eda propusiera algo que beneficie al pa\u00eds, yo estoy seguro de que los diputados del Gran Polo Patri\u00f3tico ser\u00edan los primeros en agarrar la idea y aprobarla si eso de verdad beneficia al pa\u00eds\u00bb, asegur\u00f3, instando a los diputados de la derecha a sumarse al camino democr\u00e1tico.<\/p>\n\n\n\n<p>La reuni\u00f3n, encabezada por el presidente Maduro y su tren ejecutivo, forma parte de un encuentro previo en el que se definir\u00e1n las comisiones de trabajo encargadas de dise\u00f1ar la hoja de ruta de esta ofensiva integral. \u00abEl objetivo es claro: trabajar junto al pueblo, en el territorio, para consolidar una nueva uni\u00f3n nacional que permita un reverdecer y un renacimiento de la Patria\u00bb, dijo al respecto.<\/p>\n\n\n\n<p><strong>Prensa Presidencial \/ Iliana Rosales<\/strong><\/p>\n","protected":false},"excerpt":{"rendered":"<p>La Casona, estado Miranda.- Durante una reuni\u00f3n de trabajo con el Alto Mando Pol\u00edtico- Militar del chavismo\u00a0 y autoridades electas por el pueblo, el presidente de la Rep\u00fablica Bolivariana de Venezuela, Nicol\u00e1s Maduro, anunci\u00f3 el inicio de una ofensiva integral que marcar\u00e1 la hoja de ruta del pa\u00eds hasta el a\u00f1o 2031. Con un esp\u00edritu [&hellip;]<\/p>\n","protected":false},"author":1,"featured_media":20370,"comment_status":"open","ping_status":"open","sticky":false,"template":"","format":"standard","meta":{"footnotes":""},"categories":[18,7],"tags":[],"class_list":["post-20369","post","type-post","status-publish","format-standard","has-post-thumbnail","hentry","category-noticias-principales","category-notas-de-prensa"],"_links":{"self":[{"href":"https:\/\/prensapresidencialvenezuela.gob.ve\/index.php\/wp-json\/wp\/v2\/posts\/20369","targetHints":{"allow":["GET"]}}],"collection":[{"href":"https:\/\/prensapresidencialvenezuela.gob.ve\/index.php\/wp-json\/wp\/v2\/posts"}],"about":[{"href":"https:\/\/prensapresidencialvenezuela.gob.ve\/index.php\/wp-json\/wp\/v2\/types\/post"}],"author":[{"embeddable":true,"href":"https:\/\/prensapresidencialvenezuela.gob.ve\/index.php\/wp-json\/wp\/v2\/users\/1"}],"replies":[{"embeddable":true,"href":"https:\/\/prensapresidencialvenezuela.gob.ve\/index.php\/wp-json\/wp\/v2\/comments?post=20369"}],"version-history":[{"count":2,"href":"https:\/\/prensapresidencialvenezuela.gob.ve\/index.php\/wp-json\/wp\/v2\/posts\/20369\/revisions"}],"predecessor-version":[{"id":20392,"href":"https:\/\/prensapresidencialvenezuela.gob.ve\/index.php\/wp-json\/wp\/v2\/posts\/20369\/revisions\/20392"}],"wp:featuredmedia":[{"embeddable":true,"href":"https:\/\/prensapresidencialvenezuela.gob.ve\/index.php\/wp-json\/wp\/v2\/media\/20370"}],"wp:attachment":[{"href":"https:\/\/prensapresidencialvenezuela.gob.ve\/index.php\/wp-json\/wp\/v2\/media?parent=20369"}],"wp:term":[{"taxonomy":"category","embeddable":true,"href":"https:\/\/prensapresidencialvenezuela.gob.ve\/index.php\/wp-json\/wp\/v2\/categories?post=20369"},{"taxonomy":"post_tag","embeddable":true,"href":"https:\/\/prensapresidencialvenezuela.gob.ve\/index.php\/wp-json\/wp\/v2\/tags?post=20369"}],"curies":[{"name":"wp","href":"https:\/\/api.w.org\/{rel}","templated":true}]}}