{"id":20372,"date":"2025-05-29T16:18:37","date_gmt":"2025-05-29T20:18:37","guid":{"rendered":"https:\/\/prensapresidencialvenezuela.gob.ve\/?p=20372"},"modified":"2025-05-29T19:23:29","modified_gmt":"2025-05-29T23:23:29","slug":"venezuela-vanguardia-de-los-cambios-mundiales-como-revolucion-triunfante-y-socialista-del-siglo-xxi","status":"publish","type":"post","link":"https:\/\/prensapresidencialvenezuela.gob.ve\/index.php\/2025\/05\/29\/venezuela-vanguardia-de-los-cambios-mundiales-como-revolucion-triunfante-y-socialista-del-siglo-xxi\/","title":{"rendered":"Venezuela: Vanguardia de los cambios mundiales como Revoluci\u00f3n triunfante y socialista del siglo XXI"},"content":{"rendered":"\n<p><strong>La Casona, estado Miranda.- <\/strong>El presidente de la Rep\u00fablica Bolivariana de Venezuela, Nicol\u00e1s Maduro Moros, destac\u00f3 que despu\u00e9s que la Revoluci\u00f3n Bolivariana llegara al poder pol\u00edtico por la v\u00eda electoral, se encuentra en las mejores condiciones \u00abpara la construcci\u00f3n de un sistema pol\u00edtico verdaderamente democr\u00e1tico, revolucionario, y totalmente apegado a los principios de la Constituci\u00f3n\u00bb.<\/p>\n\n\n\n<p><strong>\u00ab<\/strong>Nosotros queremos estar en la vanguardia de los cambios mundiales como Revoluci\u00f3n triunfante y socialista del siglo XXI\u00bb, enfatiz\u00f3 el Presidente.<\/p>\n\n\n\n<p>En la misma l\u00ednea, el Dignatario destac\u00f3 que a pesar de las arremetidas internacionales que ha superado Venezuela, est\u00e1 en el mejor momento pol\u00edtico, porque \u00abse ha mantenido en todos estos a\u00f1os de resistencia para consolidar una ofensiva de soberan\u00eda popular.<\/p>\n\n\n\n<p>Por otra parte, el Mandatario venezolano reiter\u00f3 en base al Comando Campa\u00f1a Ven25+, que \u00abhay que buscar maneras de ampliarlo, porque es un comando de batalla permanente y unificado de la Revoluci\u00f3n Bolivariana\u00bb, con la finalidad y capacidad de dialogar con todos los sectores cient\u00edficos, econ\u00f3micos, territoriales, comunales, culturales, educativos, pol\u00edticos del pa\u00eds.<\/p>\n\n\n\n<p><strong>Prensa Presidencial\/ Irmary D\u00edaz<\/strong><\/p>\n","protected":false},"excerpt":{"rendered":"<p>La Casona, estado Miranda.- El presidente de la Rep\u00fablica Bolivariana de Venezuela, Nicol\u00e1s Maduro Moros, destac\u00f3 que despu\u00e9s que la Revoluci\u00f3n Bolivariana llegara al poder pol\u00edtico por la v\u00eda electoral, se encuentra en las mejores condiciones \u00abpara la construcci\u00f3n de un sistema pol\u00edtico verdaderamente democr\u00e1tico, revolucionario, y totalmente apegado a los principios de la Constituci\u00f3n\u00bb. [&hellip;]<\/p>\n","protected":false},"author":1,"featured_media":20374,"comment_status":"open","ping_status":"open","sticky":false,"template":"","format":"standard","meta":{"footnotes":""},"categories":[18,7],"tags":[],"class_list":["post-20372","post","type-post","status-publish","format-standard","has-post-thumbnail","hentry","category-noticias-principales","category-notas-de-prensa"],"_links":{"self":[{"href":"https:\/\/prensapresidencialvenezuela.gob.ve\/index.php\/wp-json\/wp\/v2\/posts\/20372","targetHints":{"allow":["GET"]}}],"collection":[{"href":"https:\/\/prensapresidencialvenezuela.gob.ve\/index.php\/wp-json\/wp\/v2\/posts"}],"about":[{"href":"https:\/\/prensapresidencialvenezuela.gob.ve\/index.php\/wp-json\/wp\/v2\/types\/post"}],"author":[{"embeddable":true,"href":"https:\/\/prensapresidencialvenezuela.gob.ve\/index.php\/wp-json\/wp\/v2\/users\/1"}],"replies":[{"embeddable":true,"href":"https:\/\/prensapresidencialvenezuela.gob.ve\/index.php\/wp-json\/wp\/v2\/comments?post=20372"}],"version-history":[{"count":3,"href":"https:\/\/prensapresidencialvenezuela.gob.ve\/index.php\/wp-json\/wp\/v2\/posts\/20372\/revisions"}],"predecessor-version":[{"id":20391,"href":"https:\/\/prensapresidencialvenezuela.gob.ve\/index.php\/wp-json\/wp\/v2\/posts\/20372\/revisions\/20391"}],"wp:featuredmedia":[{"embeddable":true,"href":"https:\/\/prensapresidencialvenezuela.gob.ve\/index.php\/wp-json\/wp\/v2\/media\/20374"}],"wp:attachment":[{"href":"https:\/\/prensapresidencialvenezuela.gob.ve\/index.php\/wp-json\/wp\/v2\/media?parent=20372"}],"wp:term":[{"taxonomy":"category","embeddable":true,"href":"https:\/\/prensapresidencialvenezuela.gob.ve\/index.php\/wp-json\/wp\/v2\/categories?post=20372"},{"taxonomy":"post_tag","embeddable":true,"href":"https:\/\/prensapresidencialvenezuela.gob.ve\/index.php\/wp-json\/wp\/v2\/tags?post=20372"}],"curies":[{"name":"wp","href":"https:\/\/api.w.org\/{rel}","templated":true}]}}