{"id":2038,"date":"2022-05-25T18:02:00","date_gmt":"2022-05-25T18:02:00","guid":{"rendered":"http:\/\/172.27.0.121\/?p=2038"},"modified":"2022-07-01T18:04:07","modified_gmt":"2022-07-01T18:04:07","slug":"en-claves-conozca-la-finalidad-del-plan-mi-clap-es-productivo","status":"publish","type":"post","link":"https:\/\/prensapresidencialvenezuela.gob.ve\/index.php\/2022\/05\/25\/en-claves-conozca-la-finalidad-del-plan-mi-clap-es-productivo\/","title":{"rendered":"En Claves | Conozca la finalidad del Plan \u201cMi CLAP es Productivo\u201d"},"content":{"rendered":"\n<p><strong>Parroquia 23 de Enero, Caracas.-<\/strong> El jefe de Estado, Nicol\u00e1s Maduro, aprob\u00f3 este mi\u00e9rcoles el Plan \u00abMi CLAP es Productivo\u00bb, cuya finalidad es fortalecer la seguridad y soberan\u00eda alimentaria, nutricional y el acceso a bienes y servicios de la poblaci\u00f3n venezolana.<\/p>\n\n\n\n<p>Conozca a continuaci\u00f3n que comprende este Plan:<\/p>\n\n\n\n<ul class=\"wp-block-list\"><li>Activaci\u00f3n de la <em>P<\/em> de producci\u00f3n de los Comit\u00e9s Locales de Abastecimiento y Producci\u00f3n (CLAP) y su integraci\u00f3n al sistema econ\u00f3mico nacional.<\/li><li>Incorporaci\u00f3n a la producci\u00f3n agroalimentaria del pa\u00eds del 50% de los CLAP existentes, es decir 18 mil 157 CLAP, en una primera fase que se extiende por un lapso de un a\u00f1o.<\/li><li>Resaltar el papel protag\u00f3nico del articulador productivo de la estructura CLAP y el desarrollo de sus potencialidades socioproductivas.<\/li><li>Determinar las potencialidades productivas, regionales, locales y comunitarias. Planificaci\u00f3n de doble acci\u00f3n: el consumo y la producci\u00f3n.<\/li><li>Aporte de la producci\u00f3n de los CLAP a los requerimientos totales de alimentos de los programas alimentarios: Programa de Alimentaci\u00f3n Escolar (PAE), Ferias del Campo Soberano y Casas de Alimentaci\u00f3n.<\/li><li>Fortalecimiento de los combos CLAP que van a los hogares, Casas de Alimentaci\u00f3n y el Programa de Alimentaci\u00f3n Escolar (PAE).<\/li><li>Orientar parte de los planes operativos de las instituciones del Estado al apoyo de la producci\u00f3n de las comunidades.<\/li><\/ul>\n\n\n\n<p>Estas acciones est\u00e1n enmarcadas en la integraci\u00f3n e impulso de los CLAP al sistema econ\u00f3mico y al ciclo productivo comunal, los cuales se desarrollar\u00e1n a trav\u00e9s de los siguientes v\u00e9rtices:<\/p>\n\n\n\n<ol class=\"wp-block-list\"><li>Organizaci\u00f3n y fuerza de trabajo.<\/li><li>Formaci\u00f3n productiva.<\/li><li>Tierras y espacios productivos.<\/li><li>Requerimientos e insumos.<\/li><li>Producci\u00f3n, procesamiento, distribuci\u00f3n y abastecimiento.<\/li><li>Auto sustentabilidad y econom\u00eda comunal.<\/li><li>Seguimiento y control.<\/li><\/ol>\n\n\n\n<p>La informaci\u00f3n fue dada a conocer durante una jornada de Mi\u00e9rcoles Productivo, dedicada al Motor Comunal, llevada a cabo en la parroquia 23 de Enero de la ciudad de Caracas.<\/p>\n\n\n\n<p><strong>Prensa Presidencial\/Bianca Borrero<\/strong><\/p>\n","protected":false},"excerpt":{"rendered":"<p>Parroquia 23 de Enero, Caracas.- El jefe de Estado, Nicol\u00e1s Maduro, aprob\u00f3 este mi\u00e9rcoles el Plan \u00abMi CLAP es Productivo\u00bb, cuya finalidad es fortalecer la seguridad y soberan\u00eda alimentaria, nutricional y el acceso a bienes y servicios de la poblaci\u00f3n venezolana. Conozca a continuaci\u00f3n que comprende este Plan: Activaci\u00f3n de la P de producci\u00f3n de [&hellip;]<\/p>\n","protected":false},"author":6,"featured_media":2039,"comment_status":"open","ping_status":"open","sticky":false,"template":"","format":"standard","meta":{"footnotes":""},"categories":[7],"tags":[],"class_list":["post-2038","post","type-post","status-publish","format-standard","has-post-thumbnail","hentry","category-notas-de-prensa"],"_links":{"self":[{"href":"https:\/\/prensapresidencialvenezuela.gob.ve\/index.php\/wp-json\/wp\/v2\/posts\/2038","targetHints":{"allow":["GET"]}}],"collection":[{"href":"https:\/\/prensapresidencialvenezuela.gob.ve\/index.php\/wp-json\/wp\/v2\/posts"}],"about":[{"href":"https:\/\/prensapresidencialvenezuela.gob.ve\/index.php\/wp-json\/wp\/v2\/types\/post"}],"author":[{"embeddable":true,"href":"https:\/\/prensapresidencialvenezuela.gob.ve\/index.php\/wp-json\/wp\/v2\/users\/6"}],"replies":[{"embeddable":true,"href":"https:\/\/prensapresidencialvenezuela.gob.ve\/index.php\/wp-json\/wp\/v2\/comments?post=2038"}],"version-history":[{"count":1,"href":"https:\/\/prensapresidencialvenezuela.gob.ve\/index.php\/wp-json\/wp\/v2\/posts\/2038\/revisions"}],"predecessor-version":[{"id":2040,"href":"https:\/\/prensapresidencialvenezuela.gob.ve\/index.php\/wp-json\/wp\/v2\/posts\/2038\/revisions\/2040"}],"wp:featuredmedia":[{"embeddable":true,"href":"https:\/\/prensapresidencialvenezuela.gob.ve\/index.php\/wp-json\/wp\/v2\/media\/2039"}],"wp:attachment":[{"href":"https:\/\/prensapresidencialvenezuela.gob.ve\/index.php\/wp-json\/wp\/v2\/media?parent=2038"}],"wp:term":[{"taxonomy":"category","embeddable":true,"href":"https:\/\/prensapresidencialvenezuela.gob.ve\/index.php\/wp-json\/wp\/v2\/categories?post=2038"},{"taxonomy":"post_tag","embeddable":true,"href":"https:\/\/prensapresidencialvenezuela.gob.ve\/index.php\/wp-json\/wp\/v2\/tags?post=2038"}],"curies":[{"name":"wp","href":"https:\/\/api.w.org\/{rel}","templated":true}]}}