{"id":20398,"date":"2025-05-30T11:58:12","date_gmt":"2025-05-30T15:58:12","guid":{"rendered":"https:\/\/prensapresidencialvenezuela.gob.ve\/?p=20398"},"modified":"2025-05-30T11:59:50","modified_gmt":"2025-05-30T15:59:50","slug":"jefe-de-estado-llama-a-empoderar-a-la-juventud-venezolana-para-construir-un-futuro-mejor","status":"publish","type":"post","link":"https:\/\/prensapresidencialvenezuela.gob.ve\/index.php\/2025\/05\/30\/jefe-de-estado-llama-a-empoderar-a-la-juventud-venezolana-para-construir-un-futuro-mejor\/","title":{"rendered":"Jefe de Estado llama a empoderar a la juventud venezolana para construir un futuro mejor"},"content":{"rendered":"\n<p><strong>Palacio de Miraflores, Caracas. &#8211;<\/strong> El presidente de la Rep\u00fablica Bolivariana de Venezuela, Nicol\u00e1s Maduro, afirm\u00f3 que fortalecer y apoyar a los j\u00f3venes venezolanos es fundamental para que el pa\u00eds avance en la direcci\u00f3n correcta. En sus palabras, la juventud es la base para garantizar un porvenir prometedor para la naci\u00f3n.<\/p>\n\n\n\n<p><strong>La participaci\u00f3n activa de los j\u00f3venes en la consulta popular del 27 de julio, un paso hacia la democracia participativa&nbsp;<\/strong><\/p>\n\n\n\n<p>A trav\u00e9s de sus redes sociales, el Mandatario expres\u00f3 la importancia de que la juventud se involucre en la pr\u00f3xima Consulta Popular del 27 de julio.\u00a0<\/p>\n\n\n\n<p>\u00abEl domingo #27Jul, tendremos una nueva elecci\u00f3n: la consulta para el proyecto de la #Juventud. Si queremos un futuro mejor para Venezuela, debemos cuidar y capacitar a nuestra muchachada, y que sea protagonista desde las comunidades, al gestar la nueva historia de democracia directa\u00bb, dej\u00f3 claro el presidente Maduro.&nbsp;<\/p>\n\n\n\n<p><strong>Una iniciativa que surge de la propia juventud y fortalece la participaci\u00f3n comunitaria&nbsp;<\/strong><\/p>\n\n\n\n<p>Asimismo, el Presidente resalt\u00f3 que esta consulta ciudadana, donde los j\u00f3venes podr\u00e1n votar por sus propios proyectos en cada circuito comunal, naci\u00f3 de la iniciativa de la misma juventud venezolana. Indic\u00f3 que se brindar\u00e1n todas las oportunidades para que los j\u00f3venes sean protagonistas activos en sus comunidades y contribuyan a su desarrollo.&nbsp;<\/p>\n\n\n\n<p>En su mensaje, el Dignatario tambi\u00e9n record\u00f3 que esta consulta se realiza en un momento especial, cercano a la conmemoraci\u00f3n en todo el pa\u00eds del primer aniversario de las elecciones presidenciales del 28 de julio de 2024.<\/p>\n\n\n\n<p><strong>Prensa Presidencial\/ Luis Tavera<\/strong><\/p>\n","protected":false},"excerpt":{"rendered":"<p>Palacio de Miraflores, Caracas. &#8211; El presidente de la Rep\u00fablica Bolivariana de Venezuela, Nicol\u00e1s Maduro, afirm\u00f3 que fortalecer y apoyar a los j\u00f3venes venezolanos es fundamental para que el pa\u00eds avance en la direcci\u00f3n correcta. En sus palabras, la juventud es la base para garantizar un porvenir prometedor para la naci\u00f3n. La participaci\u00f3n activa de [&hellip;]<\/p>\n","protected":false},"author":1,"featured_media":20401,"comment_status":"open","ping_status":"open","sticky":false,"template":"","format":"standard","meta":{"footnotes":""},"categories":[18,7],"tags":[],"class_list":["post-20398","post","type-post","status-publish","format-standard","has-post-thumbnail","hentry","category-noticias-principales","category-notas-de-prensa"],"_links":{"self":[{"href":"https:\/\/prensapresidencialvenezuela.gob.ve\/index.php\/wp-json\/wp\/v2\/posts\/20398","targetHints":{"allow":["GET"]}}],"collection":[{"href":"https:\/\/prensapresidencialvenezuela.gob.ve\/index.php\/wp-json\/wp\/v2\/posts"}],"about":[{"href":"https:\/\/prensapresidencialvenezuela.gob.ve\/index.php\/wp-json\/wp\/v2\/types\/post"}],"author":[{"embeddable":true,"href":"https:\/\/prensapresidencialvenezuela.gob.ve\/index.php\/wp-json\/wp\/v2\/users\/1"}],"replies":[{"embeddable":true,"href":"https:\/\/prensapresidencialvenezuela.gob.ve\/index.php\/wp-json\/wp\/v2\/comments?post=20398"}],"version-history":[{"count":1,"href":"https:\/\/prensapresidencialvenezuela.gob.ve\/index.php\/wp-json\/wp\/v2\/posts\/20398\/revisions"}],"predecessor-version":[{"id":20400,"href":"https:\/\/prensapresidencialvenezuela.gob.ve\/index.php\/wp-json\/wp\/v2\/posts\/20398\/revisions\/20400"}],"wp:featuredmedia":[{"embeddable":true,"href":"https:\/\/prensapresidencialvenezuela.gob.ve\/index.php\/wp-json\/wp\/v2\/media\/20401"}],"wp:attachment":[{"href":"https:\/\/prensapresidencialvenezuela.gob.ve\/index.php\/wp-json\/wp\/v2\/media?parent=20398"}],"wp:term":[{"taxonomy":"category","embeddable":true,"href":"https:\/\/prensapresidencialvenezuela.gob.ve\/index.php\/wp-json\/wp\/v2\/categories?post=20398"},{"taxonomy":"post_tag","embeddable":true,"href":"https:\/\/prensapresidencialvenezuela.gob.ve\/index.php\/wp-json\/wp\/v2\/tags?post=20398"}],"curies":[{"name":"wp","href":"https:\/\/api.w.org\/{rel}","templated":true}]}}