{"id":20422,"date":"2025-05-30T18:20:02","date_gmt":"2025-05-30T22:20:02","guid":{"rendered":"https:\/\/prensapresidencialvenezuela.gob.ve\/?p=20422"},"modified":"2025-05-30T18:20:40","modified_gmt":"2025-05-30T22:20:40","slug":"jefe-de-estado-preside-clausura-del-1-congreso-internacional-de-convergencias-cientificas-para-un-futuro-compartido","status":"publish","type":"post","link":"https:\/\/prensapresidencialvenezuela.gob.ve\/index.php\/2025\/05\/30\/jefe-de-estado-preside-clausura-del-1-congreso-internacional-de-convergencias-cientificas-para-un-futuro-compartido\/","title":{"rendered":"Jefe de Estado preside clausura del 1.\u00b0 Congreso Internacional de Convergencias Cient\u00edficas para un Futuro Compartido"},"content":{"rendered":"\n<p><strong>La Carlota, estado Miranda.- <\/strong>Desde el Centro de Convenciones del Parque Sim\u00f3n Bol\u00edvar, el presidente de la Rep\u00fablica Bolivariana de Venezuela, Nicol\u00e1s Maduro Moros, encabez\u00f3 la clausura del 1.\u00b0 Congreso Internacional de Convergencias Cient\u00edficas para un Futuro Compartido; un proyecto para fomentar la cooperaci\u00f3n cient\u00edfica y tecnol\u00f3gica entre pa\u00edses del Sur Global y sus aliados estrat\u00e9gicos.<\/p>\n\n\n\n<p>En esta plenaria, que se desarroll\u00f3 mediante conferencias magistrales, han participado 500 estudiantes, 500 cient\u00edficos venezolanos y 25 cient\u00edficos destacados, internacionales; todo con el objetivo de continuar impulsando a una<\/p>\n\n\n\n<p>Venezuela con firmeza en la construcci\u00f3n de una patria soberana e independiente, sustentada en el desarrollo cient\u00edfico y tecnol\u00f3gico.<\/p>\n\n\n\n<p>Este congreso reuni\u00f3 a expertos de China, Cuba, Ir\u00e1n, Rusia, Serbia, Vietnam, para el intercambio de ideas y conocimientos entre pueblos hermanos, mediante el di\u00e1logo multidisciplinario en \u00e1reas claves como electromedicina, inteligencia artificial, biotecnolog\u00eda y nanotecnolog\u00eda.<\/p>\n\n\n\n<p>Es de inter\u00e9s mencionar que en menos de dos (2) a\u00f1os, la Naci\u00f3n venezolana ha materializado un proyecto educativo de gran envergadura, que ha marcado un hito en la historia acad\u00e9mica del pa\u00eds.<\/p>\n\n\n\n<p>Por otra parte, entre los presentes en el cierre de esta conferencia est\u00e1n los siguientes invitados:<\/p>\n\n\n\n<ul class=\"wp-block-list\">\n<li>Del aula a las estrellas \/Dra. Natasa Lodorovic- alta asociada cient\u00edfica en el Observatorio Astron\u00f3mico de Belgrado \u2013 Serbia<\/li>\n\n\n\n<li>Virolog\u00eda F\u00edsica: Mecanismos y Principios B\u00e1sicos de Autoensamblaje, Estructura y Funcionamiento de los Virus \/ Dr. Iv\u00e1n Golushko, investigador principal de la Universidad Federal del Sur &#8211; Rusia.<\/li>\n\n\n\n<li>Reactores nucleares de investigaci\u00f3n en Ir\u00e1n: Aplicaciones convencionales y de nuevo desarrollo. \/ Dr. Behrouz Rokrok \/ jefe de la Escuela de Investigaci\u00f3n de Reactores y Seguridad Nuclear del Instituto de Investigaci\u00f3n en Ciencia y Tecnolog\u00eda Nuclear de Ir\u00e1n \u2013 Ir\u00e1n<\/li>\n\n\n\n<li>Aprendizaje autom\u00e1tico y sensores qu\u00edmicos: Evaluaci\u00f3n artificial del gusto con lenguas electr\u00f3nicas\/ Dmitry Kirs\u00e1nov Asistente, investigador superior de la Universidad Estatal de San Petersburgo- Rusia<\/li>\n<\/ul>\n\n\n\n<p>En contexto, el Congreso Internacional Convergencias Cient\u00edficas para un Futuro Compartido tambi\u00e9n fue efectuado con la visi\u00f3n amplia y clara de construir alternativas a los modelos de dominaci\u00f3n en ciencia y tecnolog\u00eda, que conecten a los pueblos en la b\u00fasqueda de soluciones comunes para garantizar su desarrollo y bienestar.<\/p>\n\n\n\n<p><strong>Prensa Presidencial\/ Irmary D\u00edaz<\/strong><\/p>\n","protected":false},"excerpt":{"rendered":"<p>La Carlota, estado Miranda.- Desde el Centro de Convenciones del Parque Sim\u00f3n Bol\u00edvar, el presidente de la Rep\u00fablica Bolivariana de Venezuela, Nicol\u00e1s Maduro Moros, encabez\u00f3 la clausura del 1.\u00b0 Congreso Internacional de Convergencias Cient\u00edficas para un Futuro Compartido; un proyecto para fomentar la cooperaci\u00f3n cient\u00edfica y tecnol\u00f3gica entre pa\u00edses del Sur Global y sus aliados [&hellip;]<\/p>\n","protected":false},"author":1,"featured_media":20425,"comment_status":"open","ping_status":"open","sticky":false,"template":"","format":"standard","meta":{"footnotes":""},"categories":[18,7],"tags":[],"class_list":["post-20422","post","type-post","status-publish","format-standard","has-post-thumbnail","hentry","category-noticias-principales","category-notas-de-prensa"],"_links":{"self":[{"href":"https:\/\/prensapresidencialvenezuela.gob.ve\/index.php\/wp-json\/wp\/v2\/posts\/20422","targetHints":{"allow":["GET"]}}],"collection":[{"href":"https:\/\/prensapresidencialvenezuela.gob.ve\/index.php\/wp-json\/wp\/v2\/posts"}],"about":[{"href":"https:\/\/prensapresidencialvenezuela.gob.ve\/index.php\/wp-json\/wp\/v2\/types\/post"}],"author":[{"embeddable":true,"href":"https:\/\/prensapresidencialvenezuela.gob.ve\/index.php\/wp-json\/wp\/v2\/users\/1"}],"replies":[{"embeddable":true,"href":"https:\/\/prensapresidencialvenezuela.gob.ve\/index.php\/wp-json\/wp\/v2\/comments?post=20422"}],"version-history":[{"count":1,"href":"https:\/\/prensapresidencialvenezuela.gob.ve\/index.php\/wp-json\/wp\/v2\/posts\/20422\/revisions"}],"predecessor-version":[{"id":20424,"href":"https:\/\/prensapresidencialvenezuela.gob.ve\/index.php\/wp-json\/wp\/v2\/posts\/20422\/revisions\/20424"}],"wp:featuredmedia":[{"embeddable":true,"href":"https:\/\/prensapresidencialvenezuela.gob.ve\/index.php\/wp-json\/wp\/v2\/media\/20425"}],"wp:attachment":[{"href":"https:\/\/prensapresidencialvenezuela.gob.ve\/index.php\/wp-json\/wp\/v2\/media?parent=20422"}],"wp:term":[{"taxonomy":"category","embeddable":true,"href":"https:\/\/prensapresidencialvenezuela.gob.ve\/index.php\/wp-json\/wp\/v2\/categories?post=20422"},{"taxonomy":"post_tag","embeddable":true,"href":"https:\/\/prensapresidencialvenezuela.gob.ve\/index.php\/wp-json\/wp\/v2\/tags?post=20422"}],"curies":[{"name":"wp","href":"https:\/\/api.w.org\/{rel}","templated":true}]}}