{"id":20429,"date":"2025-05-30T19:18:39","date_gmt":"2025-05-30T23:18:39","guid":{"rendered":"https:\/\/prensapresidencialvenezuela.gob.ve\/?p=20429"},"modified":"2025-05-30T19:18:40","modified_gmt":"2025-05-30T23:18:40","slug":"nueva-universidad-para-la-ciencia-florece-con-una-vision-antibloqueo","status":"publish","type":"post","link":"https:\/\/prensapresidencialvenezuela.gob.ve\/index.php\/2025\/05\/30\/nueva-universidad-para-la-ciencia-florece-con-una-vision-antibloqueo\/","title":{"rendered":"Nueva universidad para la ciencia florece con una visi\u00f3n antibloqueo"},"content":{"rendered":"\n<p><strong>Palacio de Miraflores, Caracas.- <\/strong>La vicepresidenta sectorial de Ciencia, Tecnolog\u00eda, Educaci\u00f3n y Salud, Gabriela Jim\u00e9nez, dio inicio este viernes a las actividades acad\u00e9micas de la Universidad Nacional de las Ciencias Dr. Humberto Fern\u00e1ndez Mor\u00e1n, que se perfila como la primera alma mater especializada de este sector y como reflejo de una Venezuela antibloqueo.<\/p>\n\n\n\n<p>La infraestructura acad\u00e9mica y administrativa cuenta con 500 compatriotas, que fueron elegidos luego de que cient\u00edficos y cient\u00edficas, que conforman la unidad acad\u00e9mica -administrativa, de la consultor\u00eda jur\u00eddica, e investigaci\u00f3n, visitaron cada estado, entrevistaron a miles de j\u00f3venes y realizaron pruebas espec\u00edficas para su captaci\u00f3n.<\/p>\n\n\n\n<p>\u00abTenemos representaci\u00f3n en la matr\u00edcula de todos los estados del pa\u00eds y 22 estudiantes del Amazonas, es una de las delegaciones m\u00e1s grandes. De los 520\u2026 20% cuenta con residencias universitarias. Es un primer paso en la construcci\u00f3n del bienestar estudiantil de nuestra alma mater\u00bb, sostuvo la vicepresidenta sectorial, desde La Carlota, estado Miranda.<\/p>\n\n\n\n<p>Por otro lado, mencion\u00f3 que esta nueva universidad est\u00e1 vinculada al plan de las 7 Transformaciones, en su v\u00e9rtice n\u00famero 6, sobre la construcci\u00f3n de un sistema nacional de ciencia y tecnolog\u00eda, en t\u00e9rminos de soberan\u00eda, identidad y de investigaci\u00f3n cient\u00edfica, con prop\u00f3sito focalizado y situada en las comunidades.<\/p>\n\n\n\n<p>\u00abLas sanciones no han podido con nosotros, no nos roban la virtud de nuestro pueblo, son un est\u00edmulo para crear m\u00e1s inteligencia, m\u00e1s capacidad, m\u00e1s habilidades y m\u00e1s destreza a lo largo y ancho del pa\u00eds. Es la ciencia y tecnolog\u00eda, presidente, una herramienta para la paz en Venezuela\u00bb, refiri\u00f3.<\/p>\n\n\n\n<p>La universidad cuenta con la participaci\u00f3n de 10 grandes cient\u00edficos de Rusia, que en las \u00faltimas 48 horas compartieron conferencias especializadas sobre temas como las estructuras de los virus, hasta el desarrollo de antibi\u00f3tico, ciber-seguridad, IA, y otros temas, que acompa\u00f1an los 13 nuevos Programas de Formaci\u00f3n.<\/p>\n\n\n\n<p><strong>Articulaci\u00f3n y cooperaci\u00f3n<\/strong><\/p>\n\n\n\n<p>Tambi\u00e9n se cuenta con el apoyo de la Rep\u00fablica de Cuba, de China, Serbia, Vietnam y de Ir\u00e1n. \u00abHoy, con la alegr\u00eda de la cooperaci\u00f3n cient\u00edfica, se materializan la llegada de m\u00e1s de 2 millones 500 mil vacunas a nuestro pueblo, gracias a la agenda t\u00e9cnico-cient\u00edfica que, desde el 2019, se ha impulsado con la Rep\u00fablica Isl\u00e1mica de Ir\u00e1n\u00bb, mencion\u00f3 Jim\u00e9nez.<\/p>\n\n\n\n<p>De igual forma, resalt\u00f3 la cooperaci\u00f3n en materia de inteligencia artificial con China: \u00abLa semana que viene salen de Venezuela 25 cient\u00edficos y cient\u00edficas a un taller de formaci\u00f3n, por un mes, en materia de nuevo ecosistema de investigaci\u00f3n\u00bb.<\/p>\n\n\n\n<p><strong>La mejor universidad del pa\u00eds<\/strong><\/p>\n\n\n\n<p>El ministro del Poder Popular para Educaci\u00f3n Universitaria, Ricardo S\u00e1nchez, refiri\u00f3 que esta universidad pone a Venezuela como la principal referencia en materia de desarrollo de nuevas carreras universitarias.<\/p>\n\n\n\n<p>\u00abHoy se formaliza la apertura del a\u00f1o acad\u00e9mico de la universidad n\u00famero 175, es decir, formaliza las capacidades propias de nuestro sistema de educaci\u00f3n universitaria. Hoy, esta alma mater pasa a ser una universidad con prospectiva, para convertirse en la mejor universidad de este pa\u00eds, no solamente por el perfil de ingreso de estos muchachos, que fueron escogidos por su robustez acad\u00e9mica, sino por su compromiso y sapiencia\u00bb, precis\u00f3.<\/p>\n\n\n\n<p><strong>Prensa Presidencial \/Iliana Rosales<\/strong><\/p>\n","protected":false},"excerpt":{"rendered":"<p>Palacio de Miraflores, Caracas.- La vicepresidenta sectorial de Ciencia, Tecnolog\u00eda, Educaci\u00f3n y Salud, Gabriela Jim\u00e9nez, dio inicio este viernes a las actividades acad\u00e9micas de la Universidad Nacional de las Ciencias Dr. Humberto Fern\u00e1ndez Mor\u00e1n, que se perfila como la primera alma mater especializada de este sector y como reflejo de una Venezuela antibloqueo. La infraestructura [&hellip;]<\/p>\n","protected":false},"author":1,"featured_media":20430,"comment_status":"open","ping_status":"open","sticky":false,"template":"","format":"standard","meta":{"footnotes":""},"categories":[18,7],"tags":[],"class_list":["post-20429","post","type-post","status-publish","format-standard","has-post-thumbnail","hentry","category-noticias-principales","category-notas-de-prensa"],"_links":{"self":[{"href":"https:\/\/prensapresidencialvenezuela.gob.ve\/index.php\/wp-json\/wp\/v2\/posts\/20429","targetHints":{"allow":["GET"]}}],"collection":[{"href":"https:\/\/prensapresidencialvenezuela.gob.ve\/index.php\/wp-json\/wp\/v2\/posts"}],"about":[{"href":"https:\/\/prensapresidencialvenezuela.gob.ve\/index.php\/wp-json\/wp\/v2\/types\/post"}],"author":[{"embeddable":true,"href":"https:\/\/prensapresidencialvenezuela.gob.ve\/index.php\/wp-json\/wp\/v2\/users\/1"}],"replies":[{"embeddable":true,"href":"https:\/\/prensapresidencialvenezuela.gob.ve\/index.php\/wp-json\/wp\/v2\/comments?post=20429"}],"version-history":[{"count":1,"href":"https:\/\/prensapresidencialvenezuela.gob.ve\/index.php\/wp-json\/wp\/v2\/posts\/20429\/revisions"}],"predecessor-version":[{"id":20431,"href":"https:\/\/prensapresidencialvenezuela.gob.ve\/index.php\/wp-json\/wp\/v2\/posts\/20429\/revisions\/20431"}],"wp:featuredmedia":[{"embeddable":true,"href":"https:\/\/prensapresidencialvenezuela.gob.ve\/index.php\/wp-json\/wp\/v2\/media\/20430"}],"wp:attachment":[{"href":"https:\/\/prensapresidencialvenezuela.gob.ve\/index.php\/wp-json\/wp\/v2\/media?parent=20429"}],"wp:term":[{"taxonomy":"category","embeddable":true,"href":"https:\/\/prensapresidencialvenezuela.gob.ve\/index.php\/wp-json\/wp\/v2\/categories?post=20429"},{"taxonomy":"post_tag","embeddable":true,"href":"https:\/\/prensapresidencialvenezuela.gob.ve\/index.php\/wp-json\/wp\/v2\/tags?post=20429"}],"curies":[{"name":"wp","href":"https:\/\/api.w.org\/{rel}","templated":true}]}}